{"id":103224,"date":"2023-11-28T13:59:54","date_gmt":"2023-11-28T16:59:54","guid":{"rendered":"https:\/\/blogdoedvaldomagalhaes.com.br\/?p=103224"},"modified":"2023-11-28T14:11:30","modified_gmt":"2023-11-28T17:11:30","slug":"paroquia-de-casa-forte-realiza-entrega-de-oculos-e-cestas-basicas-para-populacao-carente","status":"publish","type":"post","link":"https:\/\/blogdoedvaldomagalhaes.com.br\/index.php\/2023\/11\/28\/paroquia-de-casa-forte-realiza-entrega-de-oculos-e-cestas-basicas-para-populacao-carente\/","title":{"rendered":"Par\u00f3quia de Casa Forte realiza entrega de \u00f3culos e cestas b\u00e1sicas\u00a0para popula\u00e7\u00e3o carente"},"content":{"rendered":"<p><span class=\"s3\" style=\"font-size: revert\"><span class=\"bumpedFont15\">Os volunt\u00e1rios da Igreja de Casa Forte, na Zona Norte do Recife, realiza<\/span><\/span><span class=\"s3\" style=\"font-size: revert\"><span class=\"bumpedFont15\">ra<\/span><\/span><span class=\"s3\" style=\"font-size: revert\"><span class=\"bumpedFont15\">m<\/span><\/span> <span class=\"s3\" style=\"font-size: revert\"><span class=\"bumpedFont15\">a entrega de <\/span><\/span><span class=\"s3\" style=\"font-size: revert\"><span class=\"bumpedFont15\">mais de <\/span><\/span><span class=\"s3\" style=\"font-size: revert\"><span class=\"bumpedFont15\">100 \u00f3culos para moradores das comunidades pr\u00f3ximas \u00e0 par\u00f3quia. <\/span><\/span><span class=\"s3\" style=\"font-size: revert\"><span class=\"bumpedFont15\">A a\u00e7\u00e3o <\/span><\/span><span class=\"s3\" style=\"font-size: revert\"><span class=\"bumpedFont15\">tamb\u00e9m contou com<\/span><\/span><span style=\"font-size: revert\"> a distribui\u00e7\u00e3o<\/span><span class=\"s3\" style=\"font-size: revert\"><span class=\"bumpedFont15\">&nbsp;de 250 cestas b\u00e1sicas para a popula\u00e7\u00e3o<\/span><\/span><span class=\"s3\" style=\"font-size: revert\"><span class=\"bumpedFont15\">.<\/span><\/span><\/p>\n<p><span class=\"s3\"><span class=\"bumpedFont15\">Cercada por seis comunidades carentes, a Par\u00f3quia d<\/span><\/span><span class=\"s3\"><span class=\"bumpedFont15\">e Casa Forte realiza mensamente<\/span><\/span> <span class=\"s3\"><span class=\"bumpedFont15\">iniciativas<\/span><\/span><span class=\"s3\"><span class=\"bumpedFont15\"> para os moradores do entorno da Igreja. <\/span><\/span><span class=\"s3\"><span class=\"bumpedFont15\">No m\u00eas passado, os paroquianos promoveram a Festa da Vit\u00f3ria R\u00e9gia, com barracas de alimenta\u00e7\u00e3o, parque de divers\u00e3o, al\u00e9m de palco, onde se apresentaram atra\u00e7\u00f5es musicais. O total da renda \u00e9 revertido \u00e0s obras sociais da Par\u00f3quia. <\/span><\/span><\/p>\n<p><span class=\"s3\"><span class=\"bumpedFont15\">Em <\/span><\/span><span class=\"s3\"><span class=\"bumpedFont15\">setembro<\/span><\/span><span class=\"s3\"><span class=\"bumpedFont15\">, uma das a\u00e7\u00f5es<\/span><\/span><span class=\"s3\"><span class=\"bumpedFont15\"> levou atendimento nas \u00e1reas de oftalmologia, odontologia, cardiologia, nutri\u00e7\u00e3o, psicologia e tamb\u00e9m ofereceu servi\u00e7os de vacina\u00e7\u00e3o, emiss\u00e3o de documentos, consultas jur\u00eddicas e exames de mamografia<\/span><\/span><span class=\"s3\"><span class=\"bumpedFont15\">. A par\u00f3quia ainda<\/span><\/span><span class=\"s3\"><span class=\"bumpedFont15\">mant\u00e9m uma creche qu<\/span><\/span><span class=\"s3\"><span class=\"bumpedFont15\">e atende 300 crian\u00e7as do bairro e todo m\u00eas distribui cerca de 400 cestas b\u00e1sicas.<\/span><\/span><\/p>\n<p><span class=\"s3\"><span class=\"bumpedFont15\">O diretor m\u00e9dico do HOPE, Vasco Bravo Filho, faz parte da par\u00f3quia e contribui frequentemente com as a\u00e7\u00f5es da igreja. <\/span><\/span><span class=\"s3\"><span class=\"bumpedFont15\">&#8220;J\u00e1 \u00e9 nosso segundo ano nessa parceria e foi bem gratificante. A gente conseguiu n\u00e3o s\u00f3 atender, mas tamb\u00e9m doar os \u00f3culos para os pacientes que necessitavam e fechar um ciclo de reabilita\u00e7\u00e3o. Se a pessoa precisa dos \u00f3culos e n\u00e3o os tem, ela pode at\u00e9 ser considerada cega do ponto de vista da lei, n\u00e3o consegue trabalhar, enxergar bem. Ent\u00e3o conseguimos detectar o problema e trazer a solu\u00e7\u00e3o<\/span><\/span><span class=\"s3\"><span class=\"bumpedFont15\">\u201d, afirma o m\u00e9dico oftalmologista.<\/span><\/span><\/p>\n<p><span class=\"s3\"><span class=\"bumpedFont15\">A iniciativa <\/span><\/span><span class=\"s3\"><span class=\"bumpedFont15\">deste final de semana <\/span><\/span><span class=\"s3\"><span class=\"bumpedFont15\">\u00e9 um complemento da a\u00e7\u00e3o solid\u00e1ria realizada pela igreja em setembro, que ofereceu consultas oftalmol\u00f3gicas gratuitas para cerca de 300 pessoas. <\/span><\/span><span class=\"s3\"><span class=\"bumpedFont15\">O HOPE e o Hospital Santa Luzia, unidades de sa\u00fade que integram o grupo Vision <\/span><\/span><span class=\"s3\"><span class=\"bumpedFont15\">One<\/span><\/span><span class=\"s3\"><span class=\"bumpedFont15\"> e est\u00e3o presentes no bairro de Casa Forte, doaram as arma\u00e7\u00f5es dos \u00f3culos, atrav\u00e9s de uma parceria <\/span><\/span><span class=\"s3\"><span class=\"bumpedFont15\">com as \u00d3ticas Diniz Prime e a fabricante de lentes <\/span><\/span><span class=\"s3\"><span class=\"bumpedFont15\">Zeiss<\/span><\/span><span class=\"s3\"><span class=\"bumpedFont15\">. <\/span><\/span><span class=\"s3\"><span class=\"bumpedFont15\">Quem precisou de atendimento complementar foi encaminhado para a Funda\u00e7\u00e3o Santa Luzia. <\/span><\/span><\/p>\n<p><span class=\"s3\" style=\"font-size: revert\"><span class=\"bumpedFont15\"><img loading=\"lazy\" decoding=\"async\" src=\"https:\/\/blogdoedvaldomagalhaes.com.br\/wp-content\/uploads\/2023\/11\/fe645108-37cc-4095-833e-b3622465278f.jpg\" class=\"size-full wp-image-103228\" width=\"1600\" height=\"1066\" srcset=\"https:\/\/blogdoedvaldomagalhaes.com.br\/wp-content\/uploads\/2023\/11\/fe645108-37cc-4095-833e-b3622465278f.jpg 1600w, https:\/\/blogdoedvaldomagalhaes.com.br\/wp-content\/uploads\/2023\/11\/fe645108-37cc-4095-833e-b3622465278f-300x200.jpg 300w, https:\/\/blogdoedvaldomagalhaes.com.br\/wp-content\/uploads\/2023\/11\/fe645108-37cc-4095-833e-b3622465278f-1024x682.jpg 1024w, https:\/\/blogdoedvaldomagalhaes.com.br\/wp-content\/uploads\/2023\/11\/fe645108-37cc-4095-833e-b3622465278f-768x512.jpg 768w, https:\/\/blogdoedvaldomagalhaes.com.br\/wp-content\/uploads\/2023\/11\/fe645108-37cc-4095-833e-b3622465278f-1536x1023.jpg 1536w\" sizes=\"auto, (max-width: 1600px) 100vw, 1600px\" \/><\/span><\/span><\/p>\n","protected":false},"excerpt":{"rendered":"<p>Os volunt\u00e1rios da Igreja de Casa Forte, na Zona Norte do Recife, realizaram a entrega de mais de 100 \u00f3culos&hellip;<\/p>\n","protected":false},"author":1,"featured_media":103225,"comment_status":"closed","ping_status":"open","sticky":false,"template":"","format":"standard","meta":{"footnotes":""},"categories":[14120],"tags":[28803,2,28801,3406,29224],"class_list":["post-103224","post","type-post","status-publish","format-standard","has-post-thumbnail","hentry","category-noticias","tag-blog-com-mais-visualizacoes","tag-blog-do-edvaldo-magalhaes","tag-blog-mais-acessado","tag-caruaru","tag-paroquia-de-casa-forte-realiza-entrega-de-oculose-cestas-basicas-para-populacao-carente"],"_links":{"self":[{"href":"https:\/\/blogdoedvaldomagalhaes.com.br\/index.php\/wp-json\/wp\/v2\/posts\/103224","targetHints":{"allow":["GET"]}}],"collection":[{"href":"https:\/\/blogdoedvaldomagalhaes.com.br\/index.php\/wp-json\/wp\/v2\/posts"}],"about":[{"href":"https:\/\/blogdoedvaldomagalhaes.com.br\/index.php\/wp-json\/wp\/v2\/types\/post"}],"author":[{"embeddable":true,"href":"https:\/\/blogdoedvaldomagalhaes.com.br\/index.php\/wp-json\/wp\/v2\/users\/1"}],"replies":[{"embeddable":true,"href":"https:\/\/blogdoedvaldomagalhaes.com.br\/index.php\/wp-json\/wp\/v2\/comments?post=103224"}],"version-history":[{"count":3,"href":"https:\/\/blogdoedvaldomagalhaes.com.br\/index.php\/wp-json\/wp\/v2\/posts\/103224\/revisions"}],"predecessor-version":[{"id":103229,"href":"https:\/\/blogdoedvaldomagalhaes.com.br\/index.php\/wp-json\/wp\/v2\/posts\/103224\/revisions\/103229"}],"wp:featuredmedia":[{"embeddable":true,"href":"https:\/\/blogdoedvaldomagalhaes.com.br\/index.php\/wp-json\/wp\/v2\/media\/103225"}],"wp:attachment":[{"href":"https:\/\/blogdoedvaldomagalhaes.com.br\/index.php\/wp-json\/wp\/v2\/media?parent=103224"}],"wp:term":[{"taxonomy":"category","embeddable":true,"href":"https:\/\/blogdoedvaldomagalhaes.com.br\/index.php\/wp-json\/wp\/v2\/categories?post=103224"},{"taxonomy":"post_tag","embeddable":true,"href":"https:\/\/blogdoedvaldomagalhaes.com.br\/index.php\/wp-json\/wp\/v2\/tags?post=103224"}],"curies":[{"name":"wp","href":"https:\/\/api.w.org\/{rel}","templated":true}]}}