{"id":103220,"date":"2023-11-28T13:03:22","date_gmt":"2023-11-28T16:03:22","guid":{"rendered":"https:\/\/blogdoedvaldomagalhaes.com.br\/?p=103220"},"modified":"2023-11-28T13:03:22","modified_gmt":"2023-11-28T16:03:22","slug":"conferencia-estadual-de-ciencia-tecnologia-e-inovacao-inicia-nesta-quarta-29","status":"publish","type":"post","link":"https:\/\/blogdoedvaldomagalhaes.com.br\/index.php\/2023\/11\/28\/conferencia-estadual-de-ciencia-tecnologia-e-inovacao-inicia-nesta-quarta-29\/","title":{"rendered":"Confer\u00eancia Estadual de Ci\u00eancia, Tecnologia e Inova\u00e7\u00e3o inicia nesta quarta (29)"},"content":{"rendered":"<p><span style=\"font-size: revert;\">Com foco na constru\u00e7\u00e3o coletiva de a\u00e7\u00f5es e estrat\u00e9gias para fortalecer as pol\u00edticas p\u00fablicas de ci\u00eancia, tecnologia e inova\u00e7\u00e3o, inicia nesta quarta-feira (29) a 5\u00ba edi\u00e7\u00e3o da Confer\u00eancia Estadual de Ci\u00eancia, Tecnologia e Inova\u00e7\u00e3o. O primeiro dia de evento vai acontecer no audit\u00f3rio do Instituto de Pesquisa em Petr\u00f3leo e Energia (i-Litpeg), da Universidade Federal de Pernambuco (UFPE), com programa\u00e7\u00e3o das 8h \u00e0s 17h. A entrada \u00e9 gratuita, as inscri\u00e7\u00f5es ainda est\u00e3o abertas e podem ser feitas no site conferenciacti.pe.gov.br.<\/span><\/p>\n<p>Com o objetivo de interiorizar a discuss\u00e3o, nos dias seguintes, a Confer\u00eancia ser\u00e1 realizada nas cidades de Caruaru (Agreste) e Petrolina (Sert\u00e3o). O momento busca reunir todo o ecossistema de inova\u00e7\u00e3o, pesquisadores cient\u00edficos, representantes de empresas tecnol\u00f3gicas e todos os cidad\u00e3os interessados em elaborar propostas para o Plano Decenal de CT&amp;I 2025-2035.<\/p>\n<p>Integrado \u00e0 V Confer\u00eancia Nacional de CT&amp;I, promovida pelo Minist\u00e9rio de Ci\u00eancia, Tecnologia e Inova\u00e7\u00e3o (MCTI), o evento estadual \u00e9 executado pela Secretaria de Ci\u00eancia, Tecnologia e Inova\u00e7\u00e3o (Secti\/PE), Funda\u00e7\u00e3o de Amparo \u00e0 Ci\u00eancia e Tecnologia do Estado de Pernambuco (Facepe) e Usina Pernambucana de Inova\u00e7\u00e3o \u2013 ambas vinculadas \u00e0 Secti\/PE &#8211; e visa articular o sistema estadual de CT&amp;I em torno de debates que influenciam na formula\u00e7\u00e3o de pol\u00edticas p\u00fablicas voltadas ao setor cient\u00edfico, tecnol\u00f3gico e de inova\u00e7\u00e3o.<\/p>\n<p>De acordo com a secret\u00e1ria de Ci\u00eancia, Tecnologia e Inova\u00e7\u00e3o de Pernambuco, Mauric\u00e9lia Montenegro, a participa\u00e7\u00e3o na Confer\u00eancia Estadual de CT&amp;I se estende a todas as esferas da sociedade. \u201cO intuito \u00e9 atingir um p\u00fablico que v\u00e1 al\u00e9m do universo da academia, dos institutos de pesquisa, das empresas inovadoras e do setor p\u00fablico, que chegue \u00e0 popula\u00e7\u00e3o em geral. A Confer\u00eancia contar\u00e1 com atividades distribu\u00eddas em todo o Estado, incluindo Petrolina e Caruaru, com atividades no Instituto Federal e Armaz\u00e9m da Criatividade, dois ambientes propulsores no ecossistema de inova\u00e7\u00e3o. Assim, vamos poder propor coletivamente a\u00e7\u00f5es e recomenda\u00e7\u00f5es para o Plano Decenal de CT&amp;I 2025-2035\u201d, pontuou a gestora.<\/p>\n<p>Como temas norteadores, ser\u00e3o promovidos debates em torno de quatro eixos: recupera\u00e7\u00e3o, expans\u00e3o e consolida\u00e7\u00e3o do sistema de CT&amp;I; reindustrializa\u00e7\u00e3o em novas bases e apoio \u00e0 inova\u00e7\u00e3o; CT&amp;I para programas e projetos estrat\u00e9gicos; e CT&amp;I para o desenvolvimento social.<\/p>\n<p>O encerramento do evento acontece no dia 7 de dezembro, no Audit\u00f3rio do Instituto de Pesquisa em Petr\u00f3leo e Energia, da UFPE (i-Litpeg), e vai contar com a presen\u00e7a da ministra de Ci\u00eancia, Tecnologia e Inova\u00e7\u00e3o, Luciana Santos. A<\/p>\n<p>Servi\u00e7o | Confer\u00eancia Estadual de Ci\u00eancia, Tecnologia e Inova\u00e7\u00e3o<br \/>\nData: De 29 de novembro a 1\u00ba de dezembro<\/p>\n<p>Locais:<br \/>\nRecife &#8211; Audit\u00f3rio do Instituto de Pesquisa em Petr\u00f3leo e Energia da UFPE (i-Litpeg) | Av. da Arquitetura, Cidade Universit\u00e1ria<br \/>\nCaruaru &#8211; Armaz\u00e9m da Criatividade | Rod. BR 104, Km 92 &#8211; Polo Caruaru &#8211; Nova Caruaru<br \/>\nPetrolina &#8211; Audit\u00f3rio IFSert\u00e3o | R. Maria Luzia de Ara\u00fajo Gomes Cabral, 791 &#8211; Jo\u00e3o de Deus<br \/>\nEncerramento: Dia 7 de dezembro<br \/>\nLocal: Audit\u00f3rio do Instituto de Pesquisa em Petr\u00f3leo e Energia, da UFPE (i-Litpeg)<\/p>\n<p>Inscri\u00e7\u00f5es e programa\u00e7\u00e3o completa: www.conferenciacti.pe.gov.br<\/p>\n","protected":false},"excerpt":{"rendered":"<p>Com foco na constru\u00e7\u00e3o coletiva de a\u00e7\u00f5es e estrat\u00e9gias para fortalecer as pol\u00edticas p\u00fablicas de ci\u00eancia, tecnologia e inova\u00e7\u00e3o, inicia&hellip;<\/p>\n","protected":false},"author":1,"featured_media":103222,"comment_status":"closed","ping_status":"open","sticky":false,"template":"","format":"standard","meta":{"footnotes":""},"categories":[14120],"tags":[28803,2,28801,3406,29223],"class_list":["post-103220","post","type-post","status-publish","format-standard","has-post-thumbnail","hentry","category-noticias","tag-blog-com-mais-visualizacoes","tag-blog-do-edvaldo-magalhaes","tag-blog-mais-acessado","tag-caruaru","tag-conferencia-estadual-de-ciencia-tecnologia-e-inovacao-inicia-nesta-quarta-29"],"_links":{"self":[{"href":"https:\/\/blogdoedvaldomagalhaes.com.br\/index.php\/wp-json\/wp\/v2\/posts\/103220","targetHints":{"allow":["GET"]}}],"collection":[{"href":"https:\/\/blogdoedvaldomagalhaes.com.br\/index.php\/wp-json\/wp\/v2\/posts"}],"about":[{"href":"https:\/\/blogdoedvaldomagalhaes.com.br\/index.php\/wp-json\/wp\/v2\/types\/post"}],"author":[{"embeddable":true,"href":"https:\/\/blogdoedvaldomagalhaes.com.br\/index.php\/wp-json\/wp\/v2\/users\/1"}],"replies":[{"embeddable":true,"href":"https:\/\/blogdoedvaldomagalhaes.com.br\/index.php\/wp-json\/wp\/v2\/comments?post=103220"}],"version-history":[{"count":1,"href":"https:\/\/blogdoedvaldomagalhaes.com.br\/index.php\/wp-json\/wp\/v2\/posts\/103220\/revisions"}],"predecessor-version":[{"id":103223,"href":"https:\/\/blogdoedvaldomagalhaes.com.br\/index.php\/wp-json\/wp\/v2\/posts\/103220\/revisions\/103223"}],"wp:featuredmedia":[{"embeddable":true,"href":"https:\/\/blogdoedvaldomagalhaes.com.br\/index.php\/wp-json\/wp\/v2\/media\/103222"}],"wp:attachment":[{"href":"https:\/\/blogdoedvaldomagalhaes.com.br\/index.php\/wp-json\/wp\/v2\/media?parent=103220"}],"wp:term":[{"taxonomy":"category","embeddable":true,"href":"https:\/\/blogdoedvaldomagalhaes.com.br\/index.php\/wp-json\/wp\/v2\/categories?post=103220"},{"taxonomy":"post_tag","embeddable":true,"href":"https:\/\/blogdoedvaldomagalhaes.com.br\/index.php\/wp-json\/wp\/v2\/tags?post=103220"}],"curies":[{"name":"wp","href":"https:\/\/api.w.org\/{rel}","templated":true}]}}