{"id":103218,"date":"2023-11-28T12:17:41","date_gmt":"2023-11-28T15:17:41","guid":{"rendered":"https:\/\/blogdoedvaldomagalhaes.com.br\/?p=103218"},"modified":"2023-11-28T12:53:22","modified_gmt":"2023-11-28T15:53:22","slug":"vereador-irmao-ronaldo-pede-construcao-de-escola-reconstrucao-e-reformas-de-pracas-e-canteiros","status":"publish","type":"post","link":"https:\/\/blogdoedvaldomagalhaes.com.br\/index.php\/2023\/11\/28\/vereador-irmao-ronaldo-pede-construcao-de-escola-reconstrucao-e-reformas-de-pracas-e-canteiros\/","title":{"rendered":"Vereador Irm\u00e3o Ronaldo pede constru\u00e7\u00e3o de escola, constru\u00e7\u00e3o e reforma de pra\u00e7as e canteiros"},"content":{"rendered":"<p>REQUERIMENTOS SOLICITADOS DE AUTORIA DO VEREADOR IRM\u00c3O RONALDO:<\/p>\n<p>Reiterando requerimento 3126\/2022 Para que seja institu\u00eddo no munic\u00edpio de Caruaru o Projeto de lei que Institui o \u201cPrograma Casa Caruaruense\u201d e d\u00e1 outras provid\u00eancias, Apresento um anteprojeto modelo para se tornar projeto de lei.<\/p>\n<p>Reiterando requerimento 2918\/2022 Para viabilizar a constru\u00e7\u00e3o de uma Pra\u00e7a no terreno atr\u00e1s da academia da sa\u00fade, na Rua Olivia Evangelista Leite, Bairro Jos\u00e9 Carlos de Oliveira.<\/p>\n<p>Reiterando requerimento 3125\/2022 Para que se Viabilize a Reforma e Requalifica\u00e7\u00e3o dos canteiros que dividem a Rua Felipe Camar\u00e3o, bairro Nossa Sra. Das Dores.<\/p>\n<p>Reiterando requerimento 3089\/2022 Para que se viabilize a Reforma e Requalifica\u00e7\u00e3o da Pra\u00e7a Chico Porto, localizada na avenida Dr. Pedro Jord\u00e3o, bairro Maur\u00edcio de Nassau.<\/p>\n<p>Reiterando requerimento 3056\/2022 para que envidem esfor\u00e7os no sentido de fazer a Capina\u00e7\u00e3o e a Retirada de entulhos na AVENIDA RADIALISTA FRAN\u00c7OISE, e no terreno de \u00e1rea verde ao seu lado, bairro Jardim Boa Vista.<\/p>\n<p>Reiterando requerimento 160\/2022 Para que viabilizem a Constru\u00e7\u00e3o ou Instala\u00e7\u00e3o de uma Escola entre os bairros Jardim Panorama e Jardim Boa Vista, nesta cidade.<br \/>\nFoto: Vladimir Barreto.<\/p>\n<p>Siga o Instagram do Blog para comentar @blogdoedvaldomagalhaes<br \/>\nSe inscreva no canal do Blog no You Tube<\/p>\n","protected":false},"excerpt":{"rendered":"<p>REQUERIMENTOS SOLICITADOS DE AUTORIA DO VEREADOR IRM\u00c3O RONALDO: Reiterando requerimento 3126\/2022 Para que seja institu\u00eddo no munic\u00edpio de Caruaru o&hellip;<\/p>\n","protected":false},"author":1,"featured_media":101492,"comment_status":"closed","ping_status":"open","sticky":false,"template":"","format":"standard","meta":{"footnotes":""},"categories":[14122],"tags":[28803,2,28801,3406,20,29222],"class_list":["post-103218","post","type-post","status-publish","format-standard","has-post-thumbnail","hentry","category-politica","tag-blog-com-mais-visualizacoes","tag-blog-do-edvaldo-magalhaes","tag-blog-mais-acessado","tag-caruaru","tag-politica","tag-vereador-irmao-ronaldo-pede-construcao-de-escola-reconstrucao-e-reformas-de-pracas-e-canteiros"],"_links":{"self":[{"href":"https:\/\/blogdoedvaldomagalhaes.com.br\/index.php\/wp-json\/wp\/v2\/posts\/103218","targetHints":{"allow":["GET"]}}],"collection":[{"href":"https:\/\/blogdoedvaldomagalhaes.com.br\/index.php\/wp-json\/wp\/v2\/posts"}],"about":[{"href":"https:\/\/blogdoedvaldomagalhaes.com.br\/index.php\/wp-json\/wp\/v2\/types\/post"}],"author":[{"embeddable":true,"href":"https:\/\/blogdoedvaldomagalhaes.com.br\/index.php\/wp-json\/wp\/v2\/users\/1"}],"replies":[{"embeddable":true,"href":"https:\/\/blogdoedvaldomagalhaes.com.br\/index.php\/wp-json\/wp\/v2\/comments?post=103218"}],"version-history":[{"count":2,"href":"https:\/\/blogdoedvaldomagalhaes.com.br\/index.php\/wp-json\/wp\/v2\/posts\/103218\/revisions"}],"predecessor-version":[{"id":103221,"href":"https:\/\/blogdoedvaldomagalhaes.com.br\/index.php\/wp-json\/wp\/v2\/posts\/103218\/revisions\/103221"}],"wp:featuredmedia":[{"embeddable":true,"href":"https:\/\/blogdoedvaldomagalhaes.com.br\/index.php\/wp-json\/wp\/v2\/media\/101492"}],"wp:attachment":[{"href":"https:\/\/blogdoedvaldomagalhaes.com.br\/index.php\/wp-json\/wp\/v2\/media?parent=103218"}],"wp:term":[{"taxonomy":"category","embeddable":true,"href":"https:\/\/blogdoedvaldomagalhaes.com.br\/index.php\/wp-json\/wp\/v2\/categories?post=103218"},{"taxonomy":"post_tag","embeddable":true,"href":"https:\/\/blogdoedvaldomagalhaes.com.br\/index.php\/wp-json\/wp\/v2\/tags?post=103218"}],"curies":[{"name":"wp","href":"https:\/\/api.w.org\/{rel}","templated":true}]}}