{"id":103214,"date":"2023-11-28T10:56:14","date_gmt":"2023-11-28T13:56:14","guid":{"rendered":"https:\/\/blogdoedvaldomagalhaes.com.br\/?p=103214"},"modified":"2023-11-28T10:56:15","modified_gmt":"2023-11-28T13:56:15","slug":"prefeito-rodrigo-pinheiro-recebe-anuncios-de-investimentos-em-caruaru-do-novo-programa-juntos-pela-seguranca","status":"publish","type":"post","link":"https:\/\/blogdoedvaldomagalhaes.com.br\/index.php\/2023\/11\/28\/prefeito-rodrigo-pinheiro-recebe-anuncios-de-investimentos-em-caruaru-do-novo-programa-juntos-pela-seguranca\/","title":{"rendered":"Prefeito Rodrigo Pinheiro recebe an\u00fancios de investimentos em Caruaru do novo programa Juntos pela Seguran\u00e7a"},"content":{"rendered":"<p>O prefeito de Caruaru Rodrigo Pinheiro esteve presente na manh\u00e3 desta segunda-feira (27) na cerim\u00f4nia de lan\u00e7amento do novo programa de seguran\u00e7a p\u00fablica do Governo de Pernambuco, o \u201cJuntos Pela Seguran\u00e7a\u201d, que ocorreu na Arena de Pernambuco, em S\u00e3o Louren\u00e7o da Mata, Grande Recife, com presen\u00e7a da governadora Raquel Lyra, autoridades e profissionais que fazem a Seguran\u00e7a P\u00fabica do Estado.<\/p>\n<p>Rodrigo Pinheiro destacou a import\u00e2ncia dos investimentos em Caruaru, resultado de muito di\u00e1logo com o Governo. \u201cEstivemos presentes, ao lado da Governadora Raquel Lyra, nesse an\u00fancio importante para o Estado e tamb\u00e9m para Caruaru. A gente vem solicitando \u00e0 Governadora Raquel Lyra diversas demandas para nossa cidade na \u00e1rea da seguran\u00e7a p\u00fablica, como investimentos para o 1\u00ba Batalh\u00e3o Integrado Especializado (1\u00ba BIEsp), e agora, tivemos a grata not\u00edcia do an\u00fancio deste e de outros investimentos importantes para Caruaru, sendo contempladas dentro do novo programa Juntos Pela Seguran\u00e7a, com destaque para o 4\u00ba Batalh\u00e3o da Pol\u00edcia Militar exclusivo para Caruaru, a conclus\u00e3o das obras do Complexo de Pol\u00edcia Cientifica de Caruaru e investimentos no 2\u00ba Grupamento de Bombeiros de Caruaru, tanto em equipamentos como na moderniza\u00e7\u00e3o de sua sede, atendendo assim nossos pleitos, com o prop\u00f3sito de cuidar da seguran\u00e7a do nosso povo\u201d, ressaltou o prefeito Rodrigo Pinheiro, que, em fevereiro deste ano, lan\u00e7ou em Caruaru, o \u201cComit\u00ea Permanente Municipal Juntos Pela Seguran\u00e7a 2.0.\u201d, por meio da Secretaria de Ordem P\u00fablica.<br \/>\nFoto: Divulga\u00e7\u00e3o.<\/p>\n<p>Siga o Instagram do Blog para comentar @blogdoedvaldomagalhaes<br \/>\nSe inscreva no canal do Blog no You Tube<\/p>\n","protected":false},"excerpt":{"rendered":"<p>O prefeito de Caruaru Rodrigo Pinheiro esteve presente na manh\u00e3 desta segunda-feira (27) na cerim\u00f4nia de lan\u00e7amento do novo programa&hellip;<\/p>\n","protected":false},"author":1,"featured_media":103215,"comment_status":"closed","ping_status":"open","sticky":false,"template":"","format":"standard","meta":{"footnotes":""},"categories":[14122],"tags":[28925,2,19430,3406,20,29221],"class_list":["post-103214","post","type-post","status-publish","format-standard","has-post-thumbnail","hentry","category-politica","tag-blog-comamos-visualizacoes","tag-blog-do-edvaldo-magalhaes","tag-blog-mais-acessado-de-caruaru","tag-caruaru","tag-politica","tag-prefeito-rodrigo-pinheiro-recebe-anuncios-de-investimentos-em-caruaru-do-novo-programa-juntos-pela-seguranca"],"_links":{"self":[{"href":"https:\/\/blogdoedvaldomagalhaes.com.br\/index.php\/wp-json\/wp\/v2\/posts\/103214","targetHints":{"allow":["GET"]}}],"collection":[{"href":"https:\/\/blogdoedvaldomagalhaes.com.br\/index.php\/wp-json\/wp\/v2\/posts"}],"about":[{"href":"https:\/\/blogdoedvaldomagalhaes.com.br\/index.php\/wp-json\/wp\/v2\/types\/post"}],"author":[{"embeddable":true,"href":"https:\/\/blogdoedvaldomagalhaes.com.br\/index.php\/wp-json\/wp\/v2\/users\/1"}],"replies":[{"embeddable":true,"href":"https:\/\/blogdoedvaldomagalhaes.com.br\/index.php\/wp-json\/wp\/v2\/comments?post=103214"}],"version-history":[{"count":1,"href":"https:\/\/blogdoedvaldomagalhaes.com.br\/index.php\/wp-json\/wp\/v2\/posts\/103214\/revisions"}],"predecessor-version":[{"id":103216,"href":"https:\/\/blogdoedvaldomagalhaes.com.br\/index.php\/wp-json\/wp\/v2\/posts\/103214\/revisions\/103216"}],"wp:featuredmedia":[{"embeddable":true,"href":"https:\/\/blogdoedvaldomagalhaes.com.br\/index.php\/wp-json\/wp\/v2\/media\/103215"}],"wp:attachment":[{"href":"https:\/\/blogdoedvaldomagalhaes.com.br\/index.php\/wp-json\/wp\/v2\/media?parent=103214"}],"wp:term":[{"taxonomy":"category","embeddable":true,"href":"https:\/\/blogdoedvaldomagalhaes.com.br\/index.php\/wp-json\/wp\/v2\/categories?post=103214"},{"taxonomy":"post_tag","embeddable":true,"href":"https:\/\/blogdoedvaldomagalhaes.com.br\/index.php\/wp-json\/wp\/v2\/tags?post=103214"}],"curies":[{"name":"wp","href":"https:\/\/api.w.org\/{rel}","templated":true}]}}