{"id":103211,"date":"2023-11-28T10:44:06","date_gmt":"2023-11-28T13:44:06","guid":{"rendered":"https:\/\/blogdoedvaldomagalhaes.com.br\/?p=103211"},"modified":"2023-11-28T10:46:52","modified_gmt":"2023-11-28T13:46:52","slug":"caruaru-e-um-dos-primeiros-municipios-do-brasil-a-ter-aprovacao-no-plano-nacional-aldir-blanc","status":"publish","type":"post","link":"https:\/\/blogdoedvaldomagalhaes.com.br\/index.php\/2023\/11\/28\/caruaru-e-um-dos-primeiros-municipios-do-brasil-a-ter-aprovacao-no-plano-nacional-aldir-blanc\/","title":{"rendered":"Caruaru \u00e9 um dos primeiros munic\u00edpios do Brasil a ter aprova\u00e7\u00e3o no Plano Nacional Aldir Blanc"},"content":{"rendered":"<p>Caruaru foi um dos primeiros munic\u00edpios do Brasil a conseguir aprova\u00e7\u00e3o no Plano Nacional Aldir Blanc (PNAB), do governo federal. A Prefeitura encaminhou toda a documenta\u00e7\u00e3o necess\u00e1ria do Plano de A\u00e7\u00e3o, por meio da Funda\u00e7\u00e3o de Cultura.<\/p>\n<p>Com a aprova\u00e7\u00e3o do plano, agora a Prefeitura de Caruaru est\u00e1 aguardando o repasse dos recursos. Al\u00e9m disso, \u00e9 importante destacar que todos os munic\u00edpios ir\u00e3o receber as orienta\u00e7\u00f5es do Minist\u00e9rio da Cultura (MinC) sobre a execu\u00e7\u00e3o de todos os recursos. Esta execu\u00e7\u00e3o ser\u00e1 em 2024.<\/p>\n<p>Caruaru ir\u00e1 receber o aporte total de R$ 2.503.538,81. Destes recursos, obrigatoriamente, R$ 625.884,70 ser\u00e3o destinados para investir na Pol\u00edtica Nacional Cultura Viva.<\/p>\n","protected":false},"excerpt":{"rendered":"<p>Caruaru foi um dos primeiros munic\u00edpios do Brasil a conseguir aprova\u00e7\u00e3o no Plano Nacional Aldir Blanc (PNAB), do governo federal.&hellip;<\/p>\n","protected":false},"author":1,"featured_media":103213,"comment_status":"closed","ping_status":"open","sticky":false,"template":"","format":"standard","meta":{"footnotes":""},"categories":[14120],"tags":[28803,2,28801,3406,29220],"class_list":["post-103211","post","type-post","status-publish","format-standard","has-post-thumbnail","hentry","category-noticias","tag-blog-com-mais-visualizacoes","tag-blog-do-edvaldo-magalhaes","tag-blog-mais-acessado","tag-caruaru","tag-caruaru-e-um-dos-primeiros-municipios-do-brasil-a-ter-aprovacao-no-plano-nacional-aldir-blanc"],"_links":{"self":[{"href":"https:\/\/blogdoedvaldomagalhaes.com.br\/index.php\/wp-json\/wp\/v2\/posts\/103211","targetHints":{"allow":["GET"]}}],"collection":[{"href":"https:\/\/blogdoedvaldomagalhaes.com.br\/index.php\/wp-json\/wp\/v2\/posts"}],"about":[{"href":"https:\/\/blogdoedvaldomagalhaes.com.br\/index.php\/wp-json\/wp\/v2\/types\/post"}],"author":[{"embeddable":true,"href":"https:\/\/blogdoedvaldomagalhaes.com.br\/index.php\/wp-json\/wp\/v2\/users\/1"}],"replies":[{"embeddable":true,"href":"https:\/\/blogdoedvaldomagalhaes.com.br\/index.php\/wp-json\/wp\/v2\/comments?post=103211"}],"version-history":[{"count":1,"href":"https:\/\/blogdoedvaldomagalhaes.com.br\/index.php\/wp-json\/wp\/v2\/posts\/103211\/revisions"}],"predecessor-version":[{"id":103212,"href":"https:\/\/blogdoedvaldomagalhaes.com.br\/index.php\/wp-json\/wp\/v2\/posts\/103211\/revisions\/103212"}],"wp:featuredmedia":[{"embeddable":true,"href":"https:\/\/blogdoedvaldomagalhaes.com.br\/index.php\/wp-json\/wp\/v2\/media\/103213"}],"wp:attachment":[{"href":"https:\/\/blogdoedvaldomagalhaes.com.br\/index.php\/wp-json\/wp\/v2\/media?parent=103211"}],"wp:term":[{"taxonomy":"category","embeddable":true,"href":"https:\/\/blogdoedvaldomagalhaes.com.br\/index.php\/wp-json\/wp\/v2\/categories?post=103211"},{"taxonomy":"post_tag","embeddable":true,"href":"https:\/\/blogdoedvaldomagalhaes.com.br\/index.php\/wp-json\/wp\/v2\/tags?post=103211"}],"curies":[{"name":"wp","href":"https:\/\/api.w.org\/{rel}","templated":true}]}}