{"id":103208,"date":"2023-11-27T19:54:10","date_gmt":"2023-11-27T22:54:10","guid":{"rendered":"https:\/\/blogdoedvaldomagalhaes.com.br\/?p=103208"},"modified":"2023-11-27T19:54:11","modified_gmt":"2023-11-27T22:54:11","slug":"secretaria-de-saude-de-caruaru-promove-gincana-com-academias-da-saude-e-grupos-de-atividades-fisicas-nesta-terca-28","status":"publish","type":"post","link":"https:\/\/blogdoedvaldomagalhaes.com.br\/index.php\/2023\/11\/27\/secretaria-de-saude-de-caruaru-promove-gincana-com-academias-da-saude-e-grupos-de-atividades-fisicas-nesta-terca-28\/","title":{"rendered":"Secretaria de Sa\u00fade de Caruaru promove gincana com Academias da Sa\u00fade e grupos de atividades f\u00edsicas nesta ter\u00e7a (28)"},"content":{"rendered":"<p><span style=\"font-size: revert;\">A Secretaria de Sa\u00fade de Caruaru (SMS), por meio da Coordena\u00e7\u00e3o de Promo\u00e7\u00e3o \u00e0 Sa\u00fade, da Rede de Aten\u00e7\u00e3o Prim\u00e1ria, promove, nesta ter\u00e7a (28), a Gincana de Sa\u00fade &#8211; Fortalecendo V\u00ednculos Atrav\u00e9s de Competi\u00e7\u00f5es Saud\u00e1veis. O evento vai ser das 07h \u00e0s 13h, no Campus II da Asces-Unita, que tamb\u00e9m \u00e9 parceira do projeto, junto com o Raiz Cross Training. A a\u00e7\u00e3o vai reunir, numa grande competi\u00e7\u00e3o, todas as Academias da Sa\u00fade de Caruaru, assim como os grupos de atividades f\u00edsicas dos territ\u00f3rios cobertos pelas equipes multiprofissionais do munic\u00edpio.<\/span><\/p>\n<p>Os participantes ser\u00e3o reunidos em quatro grandes grupos, que ir\u00e3o disputar em provas coletivas e individuais, de car\u00e1ter competitivo. O objetivo do projeto \u00e9 facilitar a socializa\u00e7\u00e3o entre os participantes, incentivando a forma\u00e7\u00e3o de novas \u00a0amizades, estimulando a pr\u00e1tica de atividades f\u00edsicas \u00a0Divulga\u00e7\u00e3o\/Asces-Unita.<\/p>\n<p>Siga o Instagram do Blog @blogdoedvaldomagalhaes<\/p>\n<p>Se inscreva no canal do Blog no YouTube<\/p>\n","protected":false},"excerpt":{"rendered":"<p>A Secretaria de Sa\u00fade de Caruaru (SMS), por meio da Coordena\u00e7\u00e3o de Promo\u00e7\u00e3o \u00e0 Sa\u00fade, da Rede de Aten\u00e7\u00e3o Prim\u00e1ria,&hellip;<\/p>\n","protected":false},"author":1,"featured_media":103209,"comment_status":"closed","ping_status":"open","sticky":false,"template":"","format":"standard","meta":{"footnotes":""},"categories":[14120],"tags":[28803,2,28801,3406],"class_list":["post-103208","post","type-post","status-publish","format-standard","has-post-thumbnail","hentry","category-noticias","tag-blog-com-mais-visualizacoes","tag-blog-do-edvaldo-magalhaes","tag-blog-mais-acessado","tag-caruaru"],"_links":{"self":[{"href":"https:\/\/blogdoedvaldomagalhaes.com.br\/index.php\/wp-json\/wp\/v2\/posts\/103208","targetHints":{"allow":["GET"]}}],"collection":[{"href":"https:\/\/blogdoedvaldomagalhaes.com.br\/index.php\/wp-json\/wp\/v2\/posts"}],"about":[{"href":"https:\/\/blogdoedvaldomagalhaes.com.br\/index.php\/wp-json\/wp\/v2\/types\/post"}],"author":[{"embeddable":true,"href":"https:\/\/blogdoedvaldomagalhaes.com.br\/index.php\/wp-json\/wp\/v2\/users\/1"}],"replies":[{"embeddable":true,"href":"https:\/\/blogdoedvaldomagalhaes.com.br\/index.php\/wp-json\/wp\/v2\/comments?post=103208"}],"version-history":[{"count":1,"href":"https:\/\/blogdoedvaldomagalhaes.com.br\/index.php\/wp-json\/wp\/v2\/posts\/103208\/revisions"}],"predecessor-version":[{"id":103210,"href":"https:\/\/blogdoedvaldomagalhaes.com.br\/index.php\/wp-json\/wp\/v2\/posts\/103208\/revisions\/103210"}],"wp:featuredmedia":[{"embeddable":true,"href":"https:\/\/blogdoedvaldomagalhaes.com.br\/index.php\/wp-json\/wp\/v2\/media\/103209"}],"wp:attachment":[{"href":"https:\/\/blogdoedvaldomagalhaes.com.br\/index.php\/wp-json\/wp\/v2\/media?parent=103208"}],"wp:term":[{"taxonomy":"category","embeddable":true,"href":"https:\/\/blogdoedvaldomagalhaes.com.br\/index.php\/wp-json\/wp\/v2\/categories?post=103208"},{"taxonomy":"post_tag","embeddable":true,"href":"https:\/\/blogdoedvaldomagalhaes.com.br\/index.php\/wp-json\/wp\/v2\/tags?post=103208"}],"curies":[{"name":"wp","href":"https:\/\/api.w.org\/{rel}","templated":true}]}}