{"id":103200,"date":"2023-11-27T17:52:27","date_gmt":"2023-11-27T20:52:27","guid":{"rendered":"https:\/\/blogdoedvaldomagalhaes.com.br\/?p=103200"},"modified":"2023-11-27T17:58:25","modified_gmt":"2023-11-27T20:58:25","slug":"ong-ponto-e-virgula-caruaru-recebe-voto-de-aplauso-na-camara-de-vereadores-de-caruaru","status":"publish","type":"post","link":"https:\/\/blogdoedvaldomagalhaes.com.br\/index.php\/2023\/11\/27\/ong-ponto-e-virgula-caruaru-recebe-voto-de-aplauso-na-camara-de-vereadores-de-caruaru\/","title":{"rendered":"ONG Ponto e V\u00edrgula Caruaru recebe voto de aplauso na C\u00e2mara de Vereadores de Caruaru"},"content":{"rendered":"<p>A C\u00e2mara de Vereadores de Caruaru, por meio da propositura do vereador Filipe Jos\u00e9 (PTB), vai homenagear a ONG Ponto e V\u00edrgula Caruaru com voto de aplauso e as congratula\u00e7\u00f5es pelos servi\u00e7os prestados e cuidado com a sa\u00fade mental dos caruaruenses.<\/p>\n<p>A ser\u00e1 nesta ter\u00e7a-feira (28), \u00e0s 16h, na tribuna da Casa Jornalista Jos\u00e9 Carlos Flor\u00eancio, e contar\u00e1 com a presen\u00e7a dos fundadores da Ponto e V\u00edrgula, Betto Moura e Katianny Torres, al\u00e9m de alguns volunt\u00e1rios do projeto e convidados.<\/p>\n<p>A ONG Ponto e V\u00edrgula Caruaru \u00e9 um entidade sem fins lucrativos preocupada em cuidar da sa\u00fade mental dos moradores de Caruaru e regi\u00e3o. Al\u00e9m de diversas a\u00e7\u00f5es o ano inteiro, o simp\u00f3sio Janeiro Branco e o congresso Setembro Amarelo s\u00e3o de grande destaque na regi\u00e3o pela abordagem dos temas e convidados.<\/p>\n<p>A Ponto e V\u00edrgula teve seu in\u00edcio em setembro de 2016, por meio de alguns amigos que mostraram o interesse em conhecer mais sobre a tem\u00e1tica da depress\u00e3o e do suic\u00eddio, e as consequ\u00eancias que estas podem levar o indiv\u00edduo e seus familiares.<\/p>\n<p>Atualmente, o grupo conta com 100 volunt\u00e1rios entre psic\u00f3logos, psiquiatras, consultores, terapeutas, entre outros.<\/p>\n<p>No in\u00edcio deste ano, foi lan\u00e7ado o livro &#8220;Continuar \u00e9 preciso&#8221;, produzido pelos fundadores da Ponto e V\u00edrgula Caruaru, Betto Moura e Katianny Torres.<\/p>\n<p>O livro aborda sobre como cada pessoa pode escolher ser o melhor poss\u00edvel para si e para o pr\u00f3ximo, trazendo um conjunto de hist\u00f3rias que se conectam e mostram que a vida \u00e9 um emaranhado de possibilidades, encontros, novos sonhos e continuidade.<\/p>\n<p>Todo valor arrecadado com a venda dos livros ser\u00e1 revertido para a constru\u00e7\u00e3o de um espa\u00e7o para atendimentos psicol\u00f3gicos e psiqui\u00e1tricos do grupo de apoio da Ponto e V\u00edrgula Caruaru. Foto: Divulga\u00e7\u00e3o.<\/p>\n<p>Siga o Instagram do Blog para comentar @blogdoedvaldomagalhaes<br \/>\nSe inscreva no canal do Blog no You Tube<\/p>\n","protected":false},"excerpt":{"rendered":"<p>A C\u00e2mara de Vereadores de Caruaru, por meio da propositura do vereador Filipe Jos\u00e9 (PTB), vai homenagear a ONG Ponto&hellip;<\/p>\n","protected":false},"author":1,"featured_media":103203,"comment_status":"closed","ping_status":"open","sticky":false,"template":"","format":"standard","meta":{"footnotes":""},"categories":[14120],"tags":[29218,28803,2,28801,3406],"class_list":["post-103200","post","type-post","status-publish","format-standard","has-post-thumbnail","hentry","category-noticias","tag-ong-ponto-e-virgula-caruaru-recebe-voto-de-aplauso-na-camara-de-vereadores-de-caruaru","tag-blog-com-mais-visualizacoes","tag-blog-do-edvaldo-magalhaes","tag-blog-mais-acessado","tag-caruaru"],"_links":{"self":[{"href":"https:\/\/blogdoedvaldomagalhaes.com.br\/index.php\/wp-json\/wp\/v2\/posts\/103200","targetHints":{"allow":["GET"]}}],"collection":[{"href":"https:\/\/blogdoedvaldomagalhaes.com.br\/index.php\/wp-json\/wp\/v2\/posts"}],"about":[{"href":"https:\/\/blogdoedvaldomagalhaes.com.br\/index.php\/wp-json\/wp\/v2\/types\/post"}],"author":[{"embeddable":true,"href":"https:\/\/blogdoedvaldomagalhaes.com.br\/index.php\/wp-json\/wp\/v2\/users\/1"}],"replies":[{"embeddable":true,"href":"https:\/\/blogdoedvaldomagalhaes.com.br\/index.php\/wp-json\/wp\/v2\/comments?post=103200"}],"version-history":[{"count":2,"href":"https:\/\/blogdoedvaldomagalhaes.com.br\/index.php\/wp-json\/wp\/v2\/posts\/103200\/revisions"}],"predecessor-version":[{"id":103202,"href":"https:\/\/blogdoedvaldomagalhaes.com.br\/index.php\/wp-json\/wp\/v2\/posts\/103200\/revisions\/103202"}],"wp:featuredmedia":[{"embeddable":true,"href":"https:\/\/blogdoedvaldomagalhaes.com.br\/index.php\/wp-json\/wp\/v2\/media\/103203"}],"wp:attachment":[{"href":"https:\/\/blogdoedvaldomagalhaes.com.br\/index.php\/wp-json\/wp\/v2\/media?parent=103200"}],"wp:term":[{"taxonomy":"category","embeddable":true,"href":"https:\/\/blogdoedvaldomagalhaes.com.br\/index.php\/wp-json\/wp\/v2\/categories?post=103200"},{"taxonomy":"post_tag","embeddable":true,"href":"https:\/\/blogdoedvaldomagalhaes.com.br\/index.php\/wp-json\/wp\/v2\/tags?post=103200"}],"curies":[{"name":"wp","href":"https:\/\/api.w.org\/{rel}","templated":true}]}}