{"id":103197,"date":"2023-11-27T17:41:54","date_gmt":"2023-11-27T20:41:54","guid":{"rendered":"https:\/\/blogdoedvaldomagalhaes.com.br\/?p=103197"},"modified":"2023-11-27T17:41:55","modified_gmt":"2023-11-27T20:41:55","slug":"armas-municoes-e-carro-roubado-sao-apreendidos-pela-prf-em-caruaru","status":"publish","type":"post","link":"https:\/\/blogdoedvaldomagalhaes.com.br\/index.php\/2023\/11\/27\/armas-municoes-e-carro-roubado-sao-apreendidos-pela-prf-em-caruaru\/","title":{"rendered":"Armas, muni\u00e7\u00f5es e carro roubado s\u00e3o apreendidos pela PRF em Caruaru"},"content":{"rendered":"<p>Um homem de 36 anos que estava em um carro roubado foi detido, nesta segunda-feira (27), pela Pol\u00edcia Rodovi\u00e1ria Federal (PRF), na BR 104, em Caruaru, no Agreste de Pernambuco. Dentro do ve\u00edculo foram apreendidos duas armas de fogo, 37 muni\u00e7\u00f5es, R$642,00 e outros equipamentos.<\/p>\n<p>Durante a abordagem a um carro ocupado apenas pelo motorista, o condutor admitiu que estava armado e que havia roubado o ve\u00edculo para fugir de Santa Cruz do Capibaribe, tamb\u00e9m no Agreste. Embaixo da perna dele havia um rev\u00f3lver calibre 32 com seis muni\u00e7\u00f5es e outras tr\u00eas em um coldre. Dentro do autom\u00f3vel tamb\u00e9m foram apreendidos uma espingarda calibre 12 de fabrica\u00e7\u00e3o artesanal, com 24 muni\u00e7\u00f5es, al\u00e9m de outras quatro muni\u00e7\u00f5es de calibre .40.<\/p>\n<p>O carro possu\u00eda registro de roubo desde sexta-feira (24), em Santa Cruz do Capibaribe. No ve\u00edculo ainda foram encontrados uma touca balaclava, 20 folhas de cheque, cinco litros de gasolina, tr\u00eas aparelhos de som automotivo e um par de luvas.<\/p>\n<p>O homem disse que iria atear fogo no carro ap\u00f3s a fuga. Ele foi encaminhado \u00e0 Delegacia de Pol\u00edcia Civil de Caruaru e poder\u00e1 responder por porte ilegal de arma e por roubo de ve\u00edculo. Foto: Divulga\u00e7\u00e3o\/PRF<\/p>\n<p>Siga o Instagram do Blog para comentar @blogdoedvaldomagalhaes<br \/>\nSe inscreva no canal do Blog no You Tube<\/p>\n","protected":false},"excerpt":{"rendered":"<p>Um homem de 36 anos que estava em um carro roubado foi detido, nesta segunda-feira (27), pela Pol\u00edcia Rodovi\u00e1ria Federal&hellip;<\/p>\n","protected":false},"author":1,"featured_media":103198,"comment_status":"closed","ping_status":"open","sticky":false,"template":"","format":"standard","meta":{"footnotes":""},"categories":[14121],"tags":[29217,28803,2,28801,3406],"class_list":["post-103197","post","type-post","status-publish","format-standard","has-post-thumbnail","hentry","category-policial","tag-armas-municoes-e-carro-roubado-sao-apreendidos-pela-prf-em-caruaru","tag-blog-com-mais-visualizacoes","tag-blog-do-edvaldo-magalhaes","tag-blog-mais-acessado","tag-caruaru"],"_links":{"self":[{"href":"https:\/\/blogdoedvaldomagalhaes.com.br\/index.php\/wp-json\/wp\/v2\/posts\/103197","targetHints":{"allow":["GET"]}}],"collection":[{"href":"https:\/\/blogdoedvaldomagalhaes.com.br\/index.php\/wp-json\/wp\/v2\/posts"}],"about":[{"href":"https:\/\/blogdoedvaldomagalhaes.com.br\/index.php\/wp-json\/wp\/v2\/types\/post"}],"author":[{"embeddable":true,"href":"https:\/\/blogdoedvaldomagalhaes.com.br\/index.php\/wp-json\/wp\/v2\/users\/1"}],"replies":[{"embeddable":true,"href":"https:\/\/blogdoedvaldomagalhaes.com.br\/index.php\/wp-json\/wp\/v2\/comments?post=103197"}],"version-history":[{"count":1,"href":"https:\/\/blogdoedvaldomagalhaes.com.br\/index.php\/wp-json\/wp\/v2\/posts\/103197\/revisions"}],"predecessor-version":[{"id":103199,"href":"https:\/\/blogdoedvaldomagalhaes.com.br\/index.php\/wp-json\/wp\/v2\/posts\/103197\/revisions\/103199"}],"wp:featuredmedia":[{"embeddable":true,"href":"https:\/\/blogdoedvaldomagalhaes.com.br\/index.php\/wp-json\/wp\/v2\/media\/103198"}],"wp:attachment":[{"href":"https:\/\/blogdoedvaldomagalhaes.com.br\/index.php\/wp-json\/wp\/v2\/media?parent=103197"}],"wp:term":[{"taxonomy":"category","embeddable":true,"href":"https:\/\/blogdoedvaldomagalhaes.com.br\/index.php\/wp-json\/wp\/v2\/categories?post=103197"},{"taxonomy":"post_tag","embeddable":true,"href":"https:\/\/blogdoedvaldomagalhaes.com.br\/index.php\/wp-json\/wp\/v2\/tags?post=103197"}],"curies":[{"name":"wp","href":"https:\/\/api.w.org\/{rel}","templated":true}]}}