{"id":103194,"date":"2023-11-27T17:31:38","date_gmt":"2023-11-27T20:31:38","guid":{"rendered":"https:\/\/blogdoedvaldomagalhaes.com.br\/?p=103194"},"modified":"2023-11-27T17:31:39","modified_gmt":"2023-11-27T20:31:39","slug":"caruaru-tera-representantes-na-conferencia-nacional-de-cultura-em-brasilia","status":"publish","type":"post","link":"https:\/\/blogdoedvaldomagalhaes.com.br\/index.php\/2023\/11\/27\/caruaru-tera-representantes-na-conferencia-nacional-de-cultura-em-brasilia\/","title":{"rendered":"Caruaru ter\u00e1 representantes na Confer\u00eancia Nacional de Cultura, em Bras\u00edlia"},"content":{"rendered":"<p>Caruaru ter\u00e1 dois representantes, sendo um do poder p\u00fablico e outro da sociedade civil, na Confer\u00eancia Nacional de Cultura, que ser\u00e1 realizada em Bras\u00edlia, em mar\u00e7o de 2024. Ambos foram escolhidos durante a Confer\u00eancia Estadual, que ocorreu no munic\u00edpio de Gravat\u00e1.<\/p>\n<p>A representante da Prefeitura de Caruaru ser\u00e1 a gerente de Projetos da Funda\u00e7\u00e3o de Cultura, J\u00f4 Barbosa. \u201cEu fui escolhida pelos gestores de cultura do Agreste, que disseram se sentir representados por mim. Ent\u00e3o, do poder p\u00fablico, seremos eu e Andr\u00e9 Vilarim representando os Agrestes de Pernambuco\u201d, disse.<\/p>\n<p>J\u00e1 o representante da sociedade civil ser\u00e1 o atual mestre e coordenador do Boi Tira Teima, Roberto Gercino. \u201cEsse \u00e9 um momento de esperan\u00e7a. N\u00f3s, agora, podemos dizer que estamos construindo pol\u00edticas p\u00fablicas a n\u00edvel nacional. Estamos indo, no ano que vem, para este momento muito importante, para defender a cultura. Ela n\u00e3o pode morrer e isso s\u00f3 depende de n\u00f3s\u201d, afirmou.<\/p>\n<p>Na Confer\u00eancia Estadual, que foi realizada entre os dias 24 e 26 de novembro, a comitiva de Caruaru foi representada por seus integrantes sendo tr\u00eas do governo e tr\u00eas da sociedade civil eleitos na confer\u00eancia municipal. Para o presidente da FCC e presidente do Conselho Municipal de Cultura de Caruaru, H\u00e9rlon Cavalcanti, os debates s\u00e3o propositivos e muitas a\u00e7\u00f5es ser\u00e3o realizadas nos pr\u00f3ximos anos. Na Confer\u00eancia Estadual, Caruaru ainda colocou tr\u00eas propostas e que ser\u00e3o apresentadas no pr\u00f3ximo ano na etapa nacional.<br \/>\nFoto: Joalline Nascimento\/Secom\/PMC.<\/p>\n<p>Siga o Instagram do Blog para comentar @blogdoedvaldomagalhaes<br \/>\nSe inscreva no canal do Blog no You Tube<\/p>\n","protected":false},"excerpt":{"rendered":"<p>Caruaru ter\u00e1 dois representantes, sendo um do poder p\u00fablico e outro da sociedade civil, na Confer\u00eancia Nacional de Cultura, que&hellip;<\/p>\n","protected":false},"author":1,"featured_media":103195,"comment_status":"closed","ping_status":"open","sticky":false,"template":"","format":"standard","meta":{"footnotes":""},"categories":[14120],"tags":[28803,2,28801,3406,29216],"class_list":["post-103194","post","type-post","status-publish","format-standard","has-post-thumbnail","hentry","category-noticias","tag-blog-com-mais-visualizacoes","tag-blog-do-edvaldo-magalhaes","tag-blog-mais-acessado","tag-caruaru","tag-caruaru-tera-representantes-na-conferencia-nacional-de-cultura-em-brasilia"],"_links":{"self":[{"href":"https:\/\/blogdoedvaldomagalhaes.com.br\/index.php\/wp-json\/wp\/v2\/posts\/103194","targetHints":{"allow":["GET"]}}],"collection":[{"href":"https:\/\/blogdoedvaldomagalhaes.com.br\/index.php\/wp-json\/wp\/v2\/posts"}],"about":[{"href":"https:\/\/blogdoedvaldomagalhaes.com.br\/index.php\/wp-json\/wp\/v2\/types\/post"}],"author":[{"embeddable":true,"href":"https:\/\/blogdoedvaldomagalhaes.com.br\/index.php\/wp-json\/wp\/v2\/users\/1"}],"replies":[{"embeddable":true,"href":"https:\/\/blogdoedvaldomagalhaes.com.br\/index.php\/wp-json\/wp\/v2\/comments?post=103194"}],"version-history":[{"count":1,"href":"https:\/\/blogdoedvaldomagalhaes.com.br\/index.php\/wp-json\/wp\/v2\/posts\/103194\/revisions"}],"predecessor-version":[{"id":103196,"href":"https:\/\/blogdoedvaldomagalhaes.com.br\/index.php\/wp-json\/wp\/v2\/posts\/103194\/revisions\/103196"}],"wp:featuredmedia":[{"embeddable":true,"href":"https:\/\/blogdoedvaldomagalhaes.com.br\/index.php\/wp-json\/wp\/v2\/media\/103195"}],"wp:attachment":[{"href":"https:\/\/blogdoedvaldomagalhaes.com.br\/index.php\/wp-json\/wp\/v2\/media?parent=103194"}],"wp:term":[{"taxonomy":"category","embeddable":true,"href":"https:\/\/blogdoedvaldomagalhaes.com.br\/index.php\/wp-json\/wp\/v2\/categories?post=103194"},{"taxonomy":"post_tag","embeddable":true,"href":"https:\/\/blogdoedvaldomagalhaes.com.br\/index.php\/wp-json\/wp\/v2\/tags?post=103194"}],"curies":[{"name":"wp","href":"https:\/\/api.w.org\/{rel}","templated":true}]}}