{"id":103183,"date":"2023-11-26T21:52:09","date_gmt":"2023-11-27T00:52:09","guid":{"rendered":"https:\/\/blogdoedvaldomagalhaes.com.br\/?p=103183"},"modified":"2023-11-27T08:24:51","modified_gmt":"2023-11-27T11:24:51","slug":"homem-e-assassinado-em-caruaru-e-corpo-e-queimado","status":"publish","type":"post","link":"https:\/\/blogdoedvaldomagalhaes.com.br\/index.php\/2023\/11\/26\/homem-e-assassinado-em-caruaru-e-corpo-e-queimado\/","title":{"rendered":"Homem \u00e9 assassinado em Caruaru e corpo \u00e9 queimado"},"content":{"rendered":"<p>Um homem foi assassinado entre os bairros S\u00e3o Jos\u00e9 e Rendeiras, em Caruaru, no Agreste de Pernambuco. O corpo de Bruno Jos\u00e9 de Lima, 34 anos, que \u00a0residia no bairro Morada Nova, foi encontrado carbonizado na tarde deste domingo (26.11), em um terreno baldio.<\/p>\n<p>Segundo familiares, a v\u00edtima era usu\u00e1ria de drogas, nos \u00faltimos meses vivia como andarilho, e estava desaparecido desde a \u00faltima ter\u00e7a-feira dia 21 de novembro. O corpo foi encaminhado para o Instituto de Medicina Legal (IML) do Recife.<\/p>\n<p>Este foi o 11\u2022 homic\u00eddio do m\u00eas de novembro em Caruaru. Este ano, de janeiro at\u00e9 agora, matarsm 119 pessoas no munic\u00edpio. Foto: Adielson Galv\u00e3o.<\/p>\n<p>Siga o Instagram do Blog para comentar @blogdoedvaldomagalhaes<\/p>\n<p>Se inscreva no canal do Blog no YouTube<\/p>\n","protected":false},"excerpt":{"rendered":"<p>Um homem foi assassinado entre os bairros S\u00e3o Jos\u00e9 e Rendeiras, em Caruaru, no Agreste de Pernambuco. O corpo de&hellip;<\/p>\n","protected":false},"author":1,"featured_media":103184,"comment_status":"closed","ping_status":"open","sticky":false,"template":"","format":"standard","meta":{"footnotes":""},"categories":[14121],"tags":[28803,2,28801,3406,29214],"class_list":["post-103183","post","type-post","status-publish","format-standard","has-post-thumbnail","hentry","category-policial","tag-blog-com-mais-visualizacoes","tag-blog-do-edvaldo-magalhaes","tag-blog-mais-acessado","tag-caruaru","tag-homem-e-assassinado-em-caruaru-e-corpo-e-queimado"],"_links":{"self":[{"href":"https:\/\/blogdoedvaldomagalhaes.com.br\/index.php\/wp-json\/wp\/v2\/posts\/103183","targetHints":{"allow":["GET"]}}],"collection":[{"href":"https:\/\/blogdoedvaldomagalhaes.com.br\/index.php\/wp-json\/wp\/v2\/posts"}],"about":[{"href":"https:\/\/blogdoedvaldomagalhaes.com.br\/index.php\/wp-json\/wp\/v2\/types\/post"}],"author":[{"embeddable":true,"href":"https:\/\/blogdoedvaldomagalhaes.com.br\/index.php\/wp-json\/wp\/v2\/users\/1"}],"replies":[{"embeddable":true,"href":"https:\/\/blogdoedvaldomagalhaes.com.br\/index.php\/wp-json\/wp\/v2\/comments?post=103183"}],"version-history":[{"count":2,"href":"https:\/\/blogdoedvaldomagalhaes.com.br\/index.php\/wp-json\/wp\/v2\/posts\/103183\/revisions"}],"predecessor-version":[{"id":103187,"href":"https:\/\/blogdoedvaldomagalhaes.com.br\/index.php\/wp-json\/wp\/v2\/posts\/103183\/revisions\/103187"}],"wp:featuredmedia":[{"embeddable":true,"href":"https:\/\/blogdoedvaldomagalhaes.com.br\/index.php\/wp-json\/wp\/v2\/media\/103184"}],"wp:attachment":[{"href":"https:\/\/blogdoedvaldomagalhaes.com.br\/index.php\/wp-json\/wp\/v2\/media?parent=103183"}],"wp:term":[{"taxonomy":"category","embeddable":true,"href":"https:\/\/blogdoedvaldomagalhaes.com.br\/index.php\/wp-json\/wp\/v2\/categories?post=103183"},{"taxonomy":"post_tag","embeddable":true,"href":"https:\/\/blogdoedvaldomagalhaes.com.br\/index.php\/wp-json\/wp\/v2\/tags?post=103183"}],"curies":[{"name":"wp","href":"https:\/\/api.w.org\/{rel}","templated":true}]}}