{"id":103169,"date":"2023-11-26T18:27:51","date_gmt":"2023-11-26T21:27:51","guid":{"rendered":"https:\/\/blogdoedvaldomagalhaes.com.br\/?p=103169"},"modified":"2023-11-26T18:27:52","modified_gmt":"2023-11-26T21:27:52","slug":"amip-conquista-titulo-inedito-no-tenis-de-mesa-para-caruaru","status":"publish","type":"post","link":"https:\/\/blogdoedvaldomagalhaes.com.br\/index.php\/2023\/11\/26\/amip-conquista-titulo-inedito-no-tenis-de-mesa-para-caruaru\/","title":{"rendered":"AMIP conquista t\u00edtulo in\u00e9dito no T\u00eanis de Mesa para Caruaru"},"content":{"rendered":"<p>O \u00faltimo s\u00e1bado (25), foi uma data hist\u00f3rica para o T\u00eanis de Mesa caruaruense, isso porque, a Associa\u00e7\u00e3o de Mesatenistas do Interior de Pernambuco (AMIP) conquistou pela primeira vez o t\u00edtulo principal da categoria no masculino, a Primeira Divis\u00e3o.<\/p>\n<p>O Campeonato Pernambucano  de T\u00eanis de Mesa por equipes, realizado pela Federa\u00e7\u00e3o Pernambucana de T\u00eanis de Mesa, \u00e9 uma tradicional e esperada competi\u00e7\u00e3o, por acontecer em edi\u00e7\u00e3o \u00fanica. Este ano, a disputa aconteceu no gin\u00e1sio da Universidade Cat\u00f3lica de Pernambuco.<\/p>\n<p>No total, sete equipes da AMIP Caruaru, lideradas pelos t\u00e9cnicos Diogo Ramos e Severino J\u00fanior, disputaram o torneio. A cidade participa de competi\u00e7\u00f5es oficiais h\u00e1 30 anos e essa foi a primeira vit\u00f3ria na 1\u00aa Divis\u00e3o com a equipe Allan Moreira e Lucas Souza. Os atletas venceram duas equipes da Unicap, e garantiram a vaga na final contra os vencedores das duas \u00faltimas edi\u00e7\u00f5es. O placar final foi 2&#215;0 para a AMIP, que com esse feito deixa sua marca no t\u00eanis de mesa pernambucano.<\/p>\n<p>Para o Presidente da AMIP Caruaru, Severino Junior, foi um momento de muita alegria e representatividade. \u201cPara Caruaru foi um momento especial, em 1993 iniciamos a participa\u00e7\u00e3o em campeonatos oficiais e nunca chegamos nem na final em nenhuma edi\u00e7\u00e3o do pernambucano. Esse ano, de forma invicta, fomos campe\u00f5es e derrotamos equipes tradicionais. Ent\u00e3o fica mais esse legado da cultura esportiva de Caruaru, o t\u00eanis de mesa representando o nosso munic\u00edpio ao n\u00edvel estadual\u201d, destacou.<\/p>\n<p>Tamb\u00e9m teve p\u00f3dio na 3\u00aa Divis\u00e3o, com a equipe Leonardo Zacarias e Valdeir Silva, vice-campe\u00e3. Na 4\u00aa Divis\u00e3o conquistando o terceiro lugar, a equipe \u00c9dson Santos, Gabriel Bernardino e Wagner Fernandes. E a equipe Eli Junior e Thiago Soares da 6\u00aa Divis\u00e3o que conquistaram tamb\u00e9m o terceiro lugar.\u00a0 Participaram do campeonato os clubes, Unicap (Recife), \u00c1guias (Recife), AABB (Recife), DrivePong (Caruaru), Sport (Recife) e AMIP Caruaru.<\/p>\n<p>\u2014\u2014-<\/p>\n<p>AMIP conquista t\u00edtulo in\u00e9dito no T\u00eanis de Mesa para Caruaru<\/p>\n<p>Sete forma\u00e7\u00f5es da AMIP Caruaru, participaram no s\u00e1bado (25), do Campeonato Pernambucano de T\u00eanis de Mesa por equipes<\/p>\n<p>O \u00faltimo s\u00e1bado (25), foi uma data hist\u00f3rica para o T\u00eanis de Mesa caruaruense, isso porque, a Associa\u00e7\u00e3o de Mesatenistas do Interior de Pernambuco (AMIP) conquistou pela primeira vez o t\u00edtulo principal da categoria no masculino, a Primeira Divis\u00e3o.<\/p>\n<p>O Campeonato Pernambucano de T\u00eanis de Mesa por equipes, que \u00e9 realizado pela Federa\u00e7\u00e3o Pernambucana de T\u00eanis de Mesa \u00e9 uma tradicional e esperada competi\u00e7\u00e3o, por acontecer em edi\u00e7\u00e3o \u00fanica. Este ano, a disputa aconteceu no gin\u00e1sio da Universidade Cat\u00f3lica de Pernambuco.<\/p>\n<p>No total, sete equipes da AMIP Caruaru, lideradas pelos t\u00e9cnicos Diogo Ramos e Severino J\u00fanior, disputaram o torneio. A cidade participa de competi\u00e7\u00f5es oficiais h\u00e1 30 anos e essa foi a primeira vitoria na 1\u00aa Divis\u00e3o com a equipe Allan Moreira e Lucas Souza. Os atletas venceram duas equipes da Unicap, e garantiram a vaga na final contra os vencedores das duas \u00faltimas edi\u00e7\u00f5es. O placar final foi 2&#215;0 para a AMIP, que com esse feito deixa sua marca no t\u00eanis de mesa pernambucano.<\/p>\n<p>Tamb\u00e9m teve p\u00f3dio na 3\u00aa Divis\u00e3o, com a equipe Leonardo Zacarias e Valdeir Silva, vice-campe\u00e3. Na 4\u00aa Divis\u00e3o conquistando o terceiro lugar, a equipe \u00c9dson Santos, Gabriel Bernardino e Wagner Fernandes. E a equipe Eli Junior e Thiago Soares da 6\u00aa Divis\u00e3o que conquistaram tamb\u00e9m o terceiro lugar.<\/p>\n<p>Participaram do campeonato os clubes, Unicap (Recife), \u00c1guias (Recife), AABB (Recife), DrivePong (Caruaru), Sport (Recife) e AMIP Caruaru.<br \/>\nFotos: Divilga\u00e7\u00e3o AMIP Caruaru<\/p>\n<p>Siga o Instagram do Blog @blogdoedvaldomagalhaes<br \/>\nSe inscreva no canal do Blog no You Tube<\/p>\n","protected":false},"excerpt":{"rendered":"<p>O \u00faltimo s\u00e1bado (25), foi uma data hist\u00f3rica para o T\u00eanis de Mesa caruaruense, isso porque, a Associa\u00e7\u00e3o de Mesatenistas&hellip;<\/p>\n","protected":false},"author":1,"featured_media":103170,"comment_status":"closed","ping_status":"open","sticky":false,"template":"","format":"standard","meta":{"footnotes":""},"categories":[14120],"tags":[29212,28803,2,28801,3406],"class_list":["post-103169","post","type-post","status-publish","format-standard","has-post-thumbnail","hentry","category-noticias","tag-amip-conquista-titulo-inedito-no-tenis-de-mesa-para-caruaru","tag-blog-com-mais-visualizacoes","tag-blog-do-edvaldo-magalhaes","tag-blog-mais-acessado","tag-caruaru"],"_links":{"self":[{"href":"https:\/\/blogdoedvaldomagalhaes.com.br\/index.php\/wp-json\/wp\/v2\/posts\/103169","targetHints":{"allow":["GET"]}}],"collection":[{"href":"https:\/\/blogdoedvaldomagalhaes.com.br\/index.php\/wp-json\/wp\/v2\/posts"}],"about":[{"href":"https:\/\/blogdoedvaldomagalhaes.com.br\/index.php\/wp-json\/wp\/v2\/types\/post"}],"author":[{"embeddable":true,"href":"https:\/\/blogdoedvaldomagalhaes.com.br\/index.php\/wp-json\/wp\/v2\/users\/1"}],"replies":[{"embeddable":true,"href":"https:\/\/blogdoedvaldomagalhaes.com.br\/index.php\/wp-json\/wp\/v2\/comments?post=103169"}],"version-history":[{"count":1,"href":"https:\/\/blogdoedvaldomagalhaes.com.br\/index.php\/wp-json\/wp\/v2\/posts\/103169\/revisions"}],"predecessor-version":[{"id":103171,"href":"https:\/\/blogdoedvaldomagalhaes.com.br\/index.php\/wp-json\/wp\/v2\/posts\/103169\/revisions\/103171"}],"wp:featuredmedia":[{"embeddable":true,"href":"https:\/\/blogdoedvaldomagalhaes.com.br\/index.php\/wp-json\/wp\/v2\/media\/103170"}],"wp:attachment":[{"href":"https:\/\/blogdoedvaldomagalhaes.com.br\/index.php\/wp-json\/wp\/v2\/media?parent=103169"}],"wp:term":[{"taxonomy":"category","embeddable":true,"href":"https:\/\/blogdoedvaldomagalhaes.com.br\/index.php\/wp-json\/wp\/v2\/categories?post=103169"},{"taxonomy":"post_tag","embeddable":true,"href":"https:\/\/blogdoedvaldomagalhaes.com.br\/index.php\/wp-json\/wp\/v2\/tags?post=103169"}],"curies":[{"name":"wp","href":"https:\/\/api.w.org\/{rel}","templated":true}]}}