{"id":103166,"date":"2023-11-26T12:50:44","date_gmt":"2023-11-26T15:50:44","guid":{"rendered":"https:\/\/blogdoedvaldomagalhaes.com.br\/?p=103166"},"modified":"2023-11-26T12:50:45","modified_gmt":"2023-11-26T15:50:45","slug":"i-simposio-interdisciplinar-do-nordeste-de-direitos-e-cuidados-da-pessoa-com-autismo-esta-com-inscricoes-abertas","status":"publish","type":"post","link":"https:\/\/blogdoedvaldomagalhaes.com.br\/index.php\/2023\/11\/26\/i-simposio-interdisciplinar-do-nordeste-de-direitos-e-cuidados-da-pessoa-com-autismo-esta-com-inscricoes-abertas\/","title":{"rendered":"I Simp\u00f3sio Interdisciplinar do Nordeste de Direitos e Cuidados da Pessoa com Autismo est\u00e1 com inscri\u00e7\u00f5es abertas"},"content":{"rendered":"<p>O que sabemos sobre o Autismo?<br \/>\nE como podemos entender mais sobre o Autismo?<br \/>\nNo dia 16 de dezembro, em Caruaru, acontecer\u00e1 o I Simp\u00f3sio Interdisciplinar do Nordeste de Direitos e Cuidados da Pessoa com Autismo.<br \/>\nO Evento ser\u00e1 um dia inteiro com palestras com advogados, m\u00e9dicos, psicanalistas e outros profissionais, estudo de caso, estrat\u00e9gias para o dia a dia, adapta\u00e7\u00e3o de atividades escolares e sorteios de mais de R$ 15 mil reais em pr\u00eamios.<br \/>\nAs vagas s\u00e3o limitadas! Ent\u00e3o, garanta j\u00e1 a sua.<br \/>\nInforma\u00e7\u00f5es pelo WhatsApp (81) 9.9629-4819 e pelo Instagram @lilian.milka<br \/>\nInscri\u00e7\u00f5es pelo site bit.ly\/autismo1612<\/p>\n<p>Siga o Instagram do Blog para comentar @blogdoedvaldomagalhaes<\/p>\n","protected":false},"excerpt":{"rendered":"<p>O que sabemos sobre o Autismo? E como podemos entender mais sobre o Autismo? No dia 16 de dezembro, em&hellip;<\/p>\n","protected":false},"author":1,"featured_media":103167,"comment_status":"closed","ping_status":"open","sticky":false,"template":"","format":"standard","meta":{"footnotes":""},"categories":[14120],"tags":[28803,2,28801,3406,29211],"class_list":["post-103166","post","type-post","status-publish","format-standard","has-post-thumbnail","hentry","category-noticias","tag-blog-com-mais-visualizacoes","tag-blog-do-edvaldo-magalhaes","tag-blog-mais-acessado","tag-caruaru","tag-i-simposio-interdisciplinar-do-nordeste-de-direitos-e-cuidados-da-pessoa-com-autismo-esta-com-inscricoes-abertas"],"_links":{"self":[{"href":"https:\/\/blogdoedvaldomagalhaes.com.br\/index.php\/wp-json\/wp\/v2\/posts\/103166","targetHints":{"allow":["GET"]}}],"collection":[{"href":"https:\/\/blogdoedvaldomagalhaes.com.br\/index.php\/wp-json\/wp\/v2\/posts"}],"about":[{"href":"https:\/\/blogdoedvaldomagalhaes.com.br\/index.php\/wp-json\/wp\/v2\/types\/post"}],"author":[{"embeddable":true,"href":"https:\/\/blogdoedvaldomagalhaes.com.br\/index.php\/wp-json\/wp\/v2\/users\/1"}],"replies":[{"embeddable":true,"href":"https:\/\/blogdoedvaldomagalhaes.com.br\/index.php\/wp-json\/wp\/v2\/comments?post=103166"}],"version-history":[{"count":1,"href":"https:\/\/blogdoedvaldomagalhaes.com.br\/index.php\/wp-json\/wp\/v2\/posts\/103166\/revisions"}],"predecessor-version":[{"id":103168,"href":"https:\/\/blogdoedvaldomagalhaes.com.br\/index.php\/wp-json\/wp\/v2\/posts\/103166\/revisions\/103168"}],"wp:featuredmedia":[{"embeddable":true,"href":"https:\/\/blogdoedvaldomagalhaes.com.br\/index.php\/wp-json\/wp\/v2\/media\/103167"}],"wp:attachment":[{"href":"https:\/\/blogdoedvaldomagalhaes.com.br\/index.php\/wp-json\/wp\/v2\/media?parent=103166"}],"wp:term":[{"taxonomy":"category","embeddable":true,"href":"https:\/\/blogdoedvaldomagalhaes.com.br\/index.php\/wp-json\/wp\/v2\/categories?post=103166"},{"taxonomy":"post_tag","embeddable":true,"href":"https:\/\/blogdoedvaldomagalhaes.com.br\/index.php\/wp-json\/wp\/v2\/tags?post=103166"}],"curies":[{"name":"wp","href":"https:\/\/api.w.org\/{rel}","templated":true}]}}