{"id":103163,"date":"2023-11-26T11:47:46","date_gmt":"2023-11-26T14:47:46","guid":{"rendered":"https:\/\/blogdoedvaldomagalhaes.com.br\/?p=103163"},"modified":"2023-11-26T11:47:47","modified_gmt":"2023-11-26T14:47:47","slug":"pm-apreende-130-aves-silvestres-na-zona-da-mata-norte-pe","status":"publish","type":"post","link":"https:\/\/blogdoedvaldomagalhaes.com.br\/index.php\/2023\/11\/26\/pm-apreende-130-aves-silvestres-na-zona-da-mata-norte-pe\/","title":{"rendered":"PM apreende 130 aves silvestres na Zona da Mata Norte-PE"},"content":{"rendered":"<p><span style=\"font-size: revert;\">No s\u00e1bado(25), policiais militares da 1\u00aa CIPOMA, durante a Opera\u00e7\u00e3o Fiscaliza\u00e7\u00e3o Feira Livre, se depararam com 11 indiv\u00edduos de posse de aves silvestres, sem a devida autoriza\u00e7\u00e3o, na Feira Livre de Timba\u00faba e Nazar\u00e9 da Mata.<\/span><\/p>\n<p>Diante dos fatos, os suspeitos, juntamente com as aves apreendidas, foram conduzidos \u00e0 delegacia de Nazar\u00e9 da Mata e Timba\u00faba para serem tomadas as medidas judici\u00e1rias cab\u00edveis.<\/p>\n<p>Ap\u00f3s o procedimento, os animais foram encaminhados ao CETAS, para os devidos cuidados. Foto: Divulga\u00e7\u00e3o\/PMPE.<\/p>\n<p>Siga o Instagram do Blog \u00a0@blogdoedvaldomagalhaes<\/p>\n<p>Se inscreva no canal do Blog no YouTube<\/p>\n","protected":false},"excerpt":{"rendered":"<p>No s\u00e1bado(25), policiais militares da 1\u00aa CIPOMA, durante a Opera\u00e7\u00e3o Fiscaliza\u00e7\u00e3o Feira Livre, se depararam com 11 indiv\u00edduos de posse&hellip;<\/p>\n","protected":false},"author":1,"featured_media":103164,"comment_status":"closed","ping_status":"open","sticky":false,"template":"","format":"standard","meta":{"footnotes":""},"categories":[14121],"tags":[28803,2,28801,3406,29210],"class_list":["post-103163","post","type-post","status-publish","format-standard","has-post-thumbnail","hentry","category-policial","tag-blog-com-mais-visualizacoes","tag-blog-do-edvaldo-magalhaes","tag-blog-mais-acessado","tag-caruaru","tag-pm-apreende-130-aves-silvestres-na-zona-da-mata-norte-pe"],"_links":{"self":[{"href":"https:\/\/blogdoedvaldomagalhaes.com.br\/index.php\/wp-json\/wp\/v2\/posts\/103163","targetHints":{"allow":["GET"]}}],"collection":[{"href":"https:\/\/blogdoedvaldomagalhaes.com.br\/index.php\/wp-json\/wp\/v2\/posts"}],"about":[{"href":"https:\/\/blogdoedvaldomagalhaes.com.br\/index.php\/wp-json\/wp\/v2\/types\/post"}],"author":[{"embeddable":true,"href":"https:\/\/blogdoedvaldomagalhaes.com.br\/index.php\/wp-json\/wp\/v2\/users\/1"}],"replies":[{"embeddable":true,"href":"https:\/\/blogdoedvaldomagalhaes.com.br\/index.php\/wp-json\/wp\/v2\/comments?post=103163"}],"version-history":[{"count":1,"href":"https:\/\/blogdoedvaldomagalhaes.com.br\/index.php\/wp-json\/wp\/v2\/posts\/103163\/revisions"}],"predecessor-version":[{"id":103165,"href":"https:\/\/blogdoedvaldomagalhaes.com.br\/index.php\/wp-json\/wp\/v2\/posts\/103163\/revisions\/103165"}],"wp:featuredmedia":[{"embeddable":true,"href":"https:\/\/blogdoedvaldomagalhaes.com.br\/index.php\/wp-json\/wp\/v2\/media\/103164"}],"wp:attachment":[{"href":"https:\/\/blogdoedvaldomagalhaes.com.br\/index.php\/wp-json\/wp\/v2\/media?parent=103163"}],"wp:term":[{"taxonomy":"category","embeddable":true,"href":"https:\/\/blogdoedvaldomagalhaes.com.br\/index.php\/wp-json\/wp\/v2\/categories?post=103163"},{"taxonomy":"post_tag","embeddable":true,"href":"https:\/\/blogdoedvaldomagalhaes.com.br\/index.php\/wp-json\/wp\/v2\/tags?post=103163"}],"curies":[{"name":"wp","href":"https:\/\/api.w.org\/{rel}","templated":true}]}}