{"id":103158,"date":"2023-11-26T10:02:47","date_gmt":"2023-11-26T13:02:47","guid":{"rendered":"https:\/\/blogdoedvaldomagalhaes.com.br\/?p=103158"},"modified":"2023-11-26T10:07:33","modified_gmt":"2023-11-26T13:07:33","slug":"103158","status":"publish","type":"post","link":"https:\/\/blogdoedvaldomagalhaes.com.br\/index.php\/2023\/11\/26\/103158\/","title":{"rendered":"4\u00aa Edi\u00e7\u00e3o do Samba no Monte leva muita m\u00fasica e anima\u00e7\u00e3o para o Monte Bom Jesus"},"content":{"rendered":"<p>A 4\u00aa Edi\u00e7\u00e3o do Samba no Monte levou muitas pessoas para o Monte Bom Jesus no \u00faltimo s\u00e1bado (25), ressaltando o sucesso do evento promovido pela Prefeitura de Caruaru, por meio da Funda\u00e7\u00e3o de Cultura, e que faz parte das atividades do m\u00eas da consci\u00eancia negra.<\/p>\n<p>Os artistas, que levaram muita divers\u00e3o e samba no p\u00e9 para todos os presentes, ressaltaram a import\u00e2ncia da realiza\u00e7\u00e3o de eventos, como este, por parte da gest\u00e3o municipal, por meio do prefeito Rodrigo Pinheiro.<\/p>\n<p>\u201cEsse \u00e9 um evento de resist\u00eancia. O samba vem da raiz negra. Com isso, temos que afirmar a cultura antirracista por meio da nossa m\u00fasica\u201d, afirmou Driko. No palco, Rosy Aguilar ressaltou que \u201co povo de Caruaru sabe o que \u00e9 bom\u201d e sempre prestigia os eventos promovidos pela prefeitura.<\/p>\n<p>Equipes da Secretaria de Pol\u00edticas para Mulheres (SPM) tamb\u00e9m estiveram no local conscientizando sobre os 21 dias de ativismo pelo fim da viol\u00eancias contra a mulher. J\u00e1 as apresenta\u00e7\u00f5es ficaram por conta de Colibri Brasil, Driko, Gabriel S\u00e1, Rosy Aguilar, Tony Maciel, Dayse Rosa, L\u00e1 Vem Elas, Yngrid Bitencourt e Benil. Fotos: Jorge Farias\/Secom\/PMC.<\/p>\n<p>Siga o Instagram do Blog @blogdoedcaldomagalhaes<br \/>\nSe inscreva no canal do Blog no You Tube<\/p>\n","protected":false},"excerpt":{"rendered":"<p>A 4\u00aa Edi\u00e7\u00e3o do Samba no Monte levou muitas pessoas para o Monte Bom Jesus no \u00faltimo s\u00e1bado (25), ressaltando&hellip;<\/p>\n","protected":false},"author":1,"featured_media":103159,"comment_status":"closed","ping_status":"open","sticky":false,"template":"","format":"standard","meta":{"footnotes":""},"categories":[14120],"tags":[29209,28803,2,28801,3406],"class_list":["post-103158","post","type-post","status-publish","format-standard","has-post-thumbnail","hentry","category-noticias","tag-4a-edicao-do-samba-no-monte-leva-muita-musica-e-animacao-para-o-monte-bom-jesus","tag-blog-com-mais-visualizacoes","tag-blog-do-edvaldo-magalhaes","tag-blog-mais-acessado","tag-caruaru"],"_links":{"self":[{"href":"https:\/\/blogdoedvaldomagalhaes.com.br\/index.php\/wp-json\/wp\/v2\/posts\/103158","targetHints":{"allow":["GET"]}}],"collection":[{"href":"https:\/\/blogdoedvaldomagalhaes.com.br\/index.php\/wp-json\/wp\/v2\/posts"}],"about":[{"href":"https:\/\/blogdoedvaldomagalhaes.com.br\/index.php\/wp-json\/wp\/v2\/types\/post"}],"author":[{"embeddable":true,"href":"https:\/\/blogdoedvaldomagalhaes.com.br\/index.php\/wp-json\/wp\/v2\/users\/1"}],"replies":[{"embeddable":true,"href":"https:\/\/blogdoedvaldomagalhaes.com.br\/index.php\/wp-json\/wp\/v2\/comments?post=103158"}],"version-history":[{"count":2,"href":"https:\/\/blogdoedvaldomagalhaes.com.br\/index.php\/wp-json\/wp\/v2\/posts\/103158\/revisions"}],"predecessor-version":[{"id":103162,"href":"https:\/\/blogdoedvaldomagalhaes.com.br\/index.php\/wp-json\/wp\/v2\/posts\/103158\/revisions\/103162"}],"wp:featuredmedia":[{"embeddable":true,"href":"https:\/\/blogdoedvaldomagalhaes.com.br\/index.php\/wp-json\/wp\/v2\/media\/103159"}],"wp:attachment":[{"href":"https:\/\/blogdoedvaldomagalhaes.com.br\/index.php\/wp-json\/wp\/v2\/media?parent=103158"}],"wp:term":[{"taxonomy":"category","embeddable":true,"href":"https:\/\/blogdoedvaldomagalhaes.com.br\/index.php\/wp-json\/wp\/v2\/categories?post=103158"},{"taxonomy":"post_tag","embeddable":true,"href":"https:\/\/blogdoedvaldomagalhaes.com.br\/index.php\/wp-json\/wp\/v2\/tags?post=103158"}],"curies":[{"name":"wp","href":"https:\/\/api.w.org\/{rel}","templated":true}]}}