{"id":103155,"date":"2023-11-25T21:59:23","date_gmt":"2023-11-26T00:59:23","guid":{"rendered":"https:\/\/blogdoedvaldomagalhaes.com.br\/?p=103155"},"modified":"2023-11-25T21:59:24","modified_gmt":"2023-11-26T00:59:24","slug":"feira-de-adocao-de-pets-acontece-neste-domingo-em-centro-de-compras-em-caruaru","status":"publish","type":"post","link":"https:\/\/blogdoedvaldomagalhaes.com.br\/index.php\/2023\/11\/25\/feira-de-adocao-de-pets-acontece-neste-domingo-em-centro-de-compras-em-caruaru\/","title":{"rendered":"Feira de ado\u00e7\u00e3o de pets acontece neste domingo em centro de compras em Caruaru"},"content":{"rendered":"<p>Neste domingo, dia 26 de novembro de 2023, ocorrer\u00e1 a 5\u00aa edi\u00e7\u00e3o do evento &#8220;Adote um Amigo&#8221;, uma iniciativa conjunta com o Instituto Renato Lyra visando promover a ado\u00e7\u00e3o respons\u00e1vel de animais. O evento acontecer\u00e1 na entrada principal do Caruaru Shopping, das 11h \u00e0s 18h, e contar\u00e1 com a presen\u00e7a da influenciadora digital Ystephane Amorim, al\u00e9m de v\u00e1rios convidados especiais, para discutir temas variados e compartilhar suas experi\u00eancias com pets.<\/p>\n<p>Programa\u00e7\u00e3o Destacada:<\/p>\n<p>&#8211; 11h00: Abertura oficial para ado\u00e7\u00e3o de c\u00e3es e gatos.<br \/>\n&#8211; 12h00: Apresenta\u00e7\u00e3o cultural com o core\u00f3grafo Marcos Mercury e sua equipe de dan\u00e7a da terceira idade.<br \/>\n&#8211; 14h00: Entrevistas e bate-papo ao vivo com Muchachas e convidados.<br \/>\n&#8211; 14h00: Palestra com Dr. Breno Tabosa (Cirurgi\u00e3o Veterin\u00e1rio) sobre &#8220;A Import\u00e2ncia de uma Fam\u00edlia Multiesp\u00e9cie&#8221;.<br \/>\n&#8211; 15h00: Palestra com Dr. Gabriel Ord\u00f4nio (Cirurgi\u00e3o Veterin\u00e1rio) sobre &#8220;A Import\u00e2ncia do Controle Populacional de Animais de Rua na Sa\u00fade P\u00fablica&#8221;.<br \/>\n&#8211; 16h00: Discuss\u00e3o com Dra. Cau Freitas (Arquiteta e Urbanista) e Priscilla Monteiro (Administradora de Empresa) sobre &#8220;Minha Vida, Meu Pet&#8221;.<br \/>\n&#8211; 17h00: Apresenta\u00e7\u00e3o de Tony Maciel (cantor e compositor) e J\u00e3o de Barros (cantor e compositor) discutindo &#8220;Como Meu Pet Ajuda na Minha Arte&#8221;.<\/p>\n<p>O &#8220;Adote um Amigo&#8221; \u00e9 mais do que um evento de ado\u00e7\u00e3o; \u00e9 uma celebra\u00e7\u00e3o da conex\u00e3o entre humanos e animais, enfatizando a import\u00e2ncia do bem-estar animal e da responsabilidade dos tutores. Esperamos ver voc\u00ea l\u00e1 para apoiar esta causa nobre e talvez encontrar um novo amigo peludo para levar para casa. Foto: Divulga\u00e7\u00e3o.<\/p>\n<p>Siga o Instagram do Blog @blogdoedvaldomagalhaes<br \/>\nSe inscreva no canal do Blog no You Tube<\/p>\n","protected":false},"excerpt":{"rendered":"<p>Neste domingo, dia 26 de novembro de 2023, ocorrer\u00e1 a 5\u00aa edi\u00e7\u00e3o do evento &#8220;Adote um Amigo&#8221;, uma iniciativa conjunta&hellip;<\/p>\n","protected":false},"author":1,"featured_media":103156,"comment_status":"closed","ping_status":"open","sticky":false,"template":"","format":"standard","meta":{"footnotes":""},"categories":[14120],"tags":[2,28801,3406,29208],"class_list":["post-103155","post","type-post","status-publish","format-standard","has-post-thumbnail","hentry","category-noticias","tag-blog-do-edvaldo-magalhaes","tag-blog-mais-acessado","tag-caruaru","tag-feira-de-adocao-de-pets-acontece-no-proximo-domingo-em-centro-de-compras"],"_links":{"self":[{"href":"https:\/\/blogdoedvaldomagalhaes.com.br\/index.php\/wp-json\/wp\/v2\/posts\/103155","targetHints":{"allow":["GET"]}}],"collection":[{"href":"https:\/\/blogdoedvaldomagalhaes.com.br\/index.php\/wp-json\/wp\/v2\/posts"}],"about":[{"href":"https:\/\/blogdoedvaldomagalhaes.com.br\/index.php\/wp-json\/wp\/v2\/types\/post"}],"author":[{"embeddable":true,"href":"https:\/\/blogdoedvaldomagalhaes.com.br\/index.php\/wp-json\/wp\/v2\/users\/1"}],"replies":[{"embeddable":true,"href":"https:\/\/blogdoedvaldomagalhaes.com.br\/index.php\/wp-json\/wp\/v2\/comments?post=103155"}],"version-history":[{"count":1,"href":"https:\/\/blogdoedvaldomagalhaes.com.br\/index.php\/wp-json\/wp\/v2\/posts\/103155\/revisions"}],"predecessor-version":[{"id":103157,"href":"https:\/\/blogdoedvaldomagalhaes.com.br\/index.php\/wp-json\/wp\/v2\/posts\/103155\/revisions\/103157"}],"wp:featuredmedia":[{"embeddable":true,"href":"https:\/\/blogdoedvaldomagalhaes.com.br\/index.php\/wp-json\/wp\/v2\/media\/103156"}],"wp:attachment":[{"href":"https:\/\/blogdoedvaldomagalhaes.com.br\/index.php\/wp-json\/wp\/v2\/media?parent=103155"}],"wp:term":[{"taxonomy":"category","embeddable":true,"href":"https:\/\/blogdoedvaldomagalhaes.com.br\/index.php\/wp-json\/wp\/v2\/categories?post=103155"},{"taxonomy":"post_tag","embeddable":true,"href":"https:\/\/blogdoedvaldomagalhaes.com.br\/index.php\/wp-json\/wp\/v2\/tags?post=103155"}],"curies":[{"name":"wp","href":"https:\/\/api.w.org\/{rel}","templated":true}]}}