{"id":103151,"date":"2023-11-25T21:46:07","date_gmt":"2023-11-26T00:46:07","guid":{"rendered":"https:\/\/blogdoedvaldomagalhaes.com.br\/?p=103151"},"modified":"2023-11-25T21:46:10","modified_gmt":"2023-11-26T00:46:10","slug":"compesa-vai-suspender-abastecimento-em-caruaru-e-cidades-da-regiao-segunda-27","status":"publish","type":"post","link":"https:\/\/blogdoedvaldomagalhaes.com.br\/index.php\/2023\/11\/25\/compesa-vai-suspender-abastecimento-em-caruaru-e-cidades-da-regiao-segunda-27\/","title":{"rendered":"Compesa vai suspender abastecimento em Caruaru e cidades da regi\u00e3o, segunda (27)"},"content":{"rendered":"<p>A partir das 6h desta segunda-feira (27), o Eixo Sul do Sistema Jucazinho passar\u00e1 por servi\u00e7os de manuten\u00e7\u00e3o programada, aquela em que as interven\u00e7\u00f5es s\u00e3o planejadas e com aviso pr\u00e9vio \u00e0 popula\u00e7\u00e3o antes do in\u00edcio dos trabalhos. As atividades v\u00e3o durar tr\u00eas dias, terminando \u00e0s 18h da quarta-feira (29). Nesse per\u00edodo, os t\u00e9cnicos realizar\u00e3o manuten\u00e7\u00e3o eletromec\u00e2nica preventiva nos equipamentos, revis\u00e3o das esta\u00e7\u00f5es elevat\u00f3rias (sistemas de bombeamento), revis\u00e3o e substitui\u00e7\u00e3o de v\u00e1lvulas e registros, al\u00e9m de conserto de vazamentos ao longo da adutora.<\/p>\n<p>Para a realiza\u00e7\u00e3o dos servi\u00e7os, ser\u00e1 necess\u00e1rio suspender o abastecimento de \u00e1gua nas cidades de Cumaru, Passira, Riacho das Almas e o distrito de Ameixas (Cumaru). J\u00e1 a cidade de Bezerros, o distrito de Insurrei\u00e7\u00e3o (Sair\u00e9), os Loteamentos Santana, Ch\u00e1cara Veraneio e Alto Gravat\u00e1, o Assentamento Santo Ant\u00f4nio e o s\u00edtio Volta do Rio, na cidade de Gravat\u00e1, ter\u00e3o uma redu\u00e7\u00e3o em 40% na vaz\u00e3o de distribui\u00e7\u00e3o.<\/p>\n<p>Em Caruaru, o abastecimento ficar\u00e1 suspenso nos bairros Salgado e S\u00e3o Jo\u00e3o da Esc\u00f3cia (parte alta), Jos\u00e9 Liberato, Lagoa de Algod\u00e3o, Luiz Gonzaga, Neuza Garcia, Morada Nova, Rendeiras e Gon\u00e7alves Ferreira (parte baixa), Fernando Lira, Portal do Sol, Rafael (lado Rei das Coxinhas), Cachoeira Seca, Jacar\u00e9 Grande, Contendas (sem terras), Juriti, Lagoa Ro\u00e7ada, Veada Morta, Ju\u00e1, S\u00edtio Macambira de Lajes e Riacho Doce.<\/p>\n<p>Segundo o gerente de Manuten\u00e7\u00e3o da Compesa, George Ramos, esse conjunto de a\u00e7\u00f5es tem o objetivo de garantir maior seguran\u00e7a operacional, reduzindo a possibilidade de paralisa\u00e7\u00f5es emergenciais no Eixo Sul do Sistema Jucazinho, em especial neste per\u00edodo de altas temperaturas, quando aumenta o consumo de \u00e1gua. \u201cEssas atividades de manuten\u00e7\u00e3o s\u00e3o imprescind\u00edveis para o bom funcionamento dos sistemas de abastecimento e maior confiabilidade no processo de distribui\u00e7\u00e3o de \u00e1gua&#8221;, explica o gerente.<\/p>\n<p>Ap\u00f3s o t\u00e9rmino dos servi\u00e7os, a distribui\u00e7\u00e3o de \u00e1gua das \u00e1reas citadas ser\u00e1 retomada, por\u00e9m, com previs\u00e3o de regulariza\u00e7\u00e3o ao longo da quinta-feira (30), pois h\u00e1 a necessidade de um per\u00edodo para a pressuriza\u00e7\u00e3o da rede at\u00e9 a completa normaliza\u00e7\u00e3o do abastecimento.<br \/>\nFoto: Divulga\u00e7\u00e3o.<\/p>\n<p>Siga o Instagram do Blog @blogdoedvaldomagalhaes<br \/>\nSe inscreva no canal do Blog no You Tube<\/p>\n","protected":false},"excerpt":{"rendered":"<p>A partir das 6h desta segunda-feira (27), o Eixo Sul do Sistema Jucazinho passar\u00e1 por servi\u00e7os de manuten\u00e7\u00e3o programada, aquela&hellip;<\/p>\n","protected":false},"author":1,"featured_media":103152,"comment_status":"closed","ping_status":"open","sticky":false,"template":"","format":"standard","meta":{"footnotes":""},"categories":[14120],"tags":[28803,2,28801,3406,29207],"class_list":["post-103151","post","type-post","status-publish","format-standard","has-post-thumbnail","hentry","category-noticias","tag-blog-com-mais-visualizacoes","tag-blog-do-edvaldo-magalhaes","tag-blog-mais-acessado","tag-caruaru","tag-compesa-vai-suspender-abastecimento-em-caruaru-e-cidades-da-regiao-segunda-27"],"_links":{"self":[{"href":"https:\/\/blogdoedvaldomagalhaes.com.br\/index.php\/wp-json\/wp\/v2\/posts\/103151","targetHints":{"allow":["GET"]}}],"collection":[{"href":"https:\/\/blogdoedvaldomagalhaes.com.br\/index.php\/wp-json\/wp\/v2\/posts"}],"about":[{"href":"https:\/\/blogdoedvaldomagalhaes.com.br\/index.php\/wp-json\/wp\/v2\/types\/post"}],"author":[{"embeddable":true,"href":"https:\/\/blogdoedvaldomagalhaes.com.br\/index.php\/wp-json\/wp\/v2\/users\/1"}],"replies":[{"embeddable":true,"href":"https:\/\/blogdoedvaldomagalhaes.com.br\/index.php\/wp-json\/wp\/v2\/comments?post=103151"}],"version-history":[{"count":1,"href":"https:\/\/blogdoedvaldomagalhaes.com.br\/index.php\/wp-json\/wp\/v2\/posts\/103151\/revisions"}],"predecessor-version":[{"id":103153,"href":"https:\/\/blogdoedvaldomagalhaes.com.br\/index.php\/wp-json\/wp\/v2\/posts\/103151\/revisions\/103153"}],"wp:featuredmedia":[{"embeddable":true,"href":"https:\/\/blogdoedvaldomagalhaes.com.br\/index.php\/wp-json\/wp\/v2\/media\/103152"}],"wp:attachment":[{"href":"https:\/\/blogdoedvaldomagalhaes.com.br\/index.php\/wp-json\/wp\/v2\/media?parent=103151"}],"wp:term":[{"taxonomy":"category","embeddable":true,"href":"https:\/\/blogdoedvaldomagalhaes.com.br\/index.php\/wp-json\/wp\/v2\/categories?post=103151"},{"taxonomy":"post_tag","embeddable":true,"href":"https:\/\/blogdoedvaldomagalhaes.com.br\/index.php\/wp-json\/wp\/v2\/tags?post=103151"}],"curies":[{"name":"wp","href":"https:\/\/api.w.org\/{rel}","templated":true}]}}