{"id":103148,"date":"2023-11-25T21:36:16","date_gmt":"2023-11-26T00:36:16","guid":{"rendered":"https:\/\/blogdoedvaldomagalhaes.com.br\/?p=103148"},"modified":"2023-11-25T21:36:17","modified_gmt":"2023-11-26T00:36:17","slug":"corrida-em-comemoracao-aos-60-anos-do-4o-bpm-sera-realizada-neste-domingo-26-em-caruaru","status":"publish","type":"post","link":"https:\/\/blogdoedvaldomagalhaes.com.br\/index.php\/2023\/11\/25\/corrida-em-comemoracao-aos-60-anos-do-4o-bpm-sera-realizada-neste-domingo-26-em-caruaru\/","title":{"rendered":"Corrida em comemora\u00e7\u00e3o aos 60 anos do 4\u00ba BPM ser\u00e1 realizada neste domingo (26), em Caruaru"},"content":{"rendered":"<p>A Autarquia de Mobilidade, Tr\u00e2nsito e Transportes de Caruaru (AMTTC) informa que, neste domingo (26) o 4\u00ba Batalh\u00e3o Barreto de Menezes da Pol\u00edcia Militar de Pernambuco (4\u00ba BPM) realizar\u00e1 uma corrida alusiva ao anivers\u00e1rio de 60 anos de servi\u00e7os prestados ao munic\u00edpio e toda regi\u00e3o em que o batalh\u00e3o atua. De acordo com o mapa abaixo, algumas ruas e avenidas estar\u00e3o temporariamente bloqueadas para realiza\u00e7\u00e3o da corrida.<\/p>\n<p>A corrida ter\u00e1 o seguinte percurso: rua Frei Caneca, avenida Major Manoel de Freitas, Agamenon Magalh\u00e3es, rua Visconde de Inha\u00fama, Aspicueta Navarro, Armindo Moura, avenida Amazonas, rua Artur Ant\u00f4nio da Silva, PE-95, avenida Portugal, Compositor Limeira Teij\u00f3, Amazonas, Marcionilo Francisco da Silva, Agamenon Magalh\u00e3es, rua Francisca Lira Flor\u00eancio, Aracati, avenida Amazonas, rua C\u00f4nego J\u00falio Cabral, Joaquim Tabosa e Belmiro Pereira. As ruas ter\u00e3o seu tr\u00e2nsito liberado logo ap\u00f3s o fim da prova. Agentes de Tr\u00e2nsito da AMTTC, orientadores e policiais militares estar\u00e3o espalhados pelas ruas para orientar o fluxo de ve\u00edculos durante a corrida. Mapa: Divulga\u00e7\u00e3o\/AMTTC<\/p>\n<p>Siga o Instagram do Blog @blogdoedvaldomagalhaes<br \/>\nSe inscreva no canal do Blog no You Tube<\/p>\n","protected":false},"excerpt":{"rendered":"<p>A Autarquia de Mobilidade, Tr\u00e2nsito e Transportes de Caruaru (AMTTC) informa que, neste domingo (26) o 4\u00ba Batalh\u00e3o Barreto de&hellip;<\/p>\n","protected":false},"author":1,"featured_media":103149,"comment_status":"closed","ping_status":"open","sticky":false,"template":"","format":"standard","meta":{"footnotes":""},"categories":[14120],"tags":[28925,2,28801,3406,29206],"class_list":["post-103148","post","type-post","status-publish","format-standard","has-post-thumbnail","hentry","category-noticias","tag-blog-comamos-visualizacoes","tag-blog-do-edvaldo-magalhaes","tag-blog-mais-acessado","tag-caruaru","tag-corrida-em-comemoracao-aos-60-anos-do-4o-bpm-sera-realizada-neste-domingo-26-em-caruaru"],"_links":{"self":[{"href":"https:\/\/blogdoedvaldomagalhaes.com.br\/index.php\/wp-json\/wp\/v2\/posts\/103148","targetHints":{"allow":["GET"]}}],"collection":[{"href":"https:\/\/blogdoedvaldomagalhaes.com.br\/index.php\/wp-json\/wp\/v2\/posts"}],"about":[{"href":"https:\/\/blogdoedvaldomagalhaes.com.br\/index.php\/wp-json\/wp\/v2\/types\/post"}],"author":[{"embeddable":true,"href":"https:\/\/blogdoedvaldomagalhaes.com.br\/index.php\/wp-json\/wp\/v2\/users\/1"}],"replies":[{"embeddable":true,"href":"https:\/\/blogdoedvaldomagalhaes.com.br\/index.php\/wp-json\/wp\/v2\/comments?post=103148"}],"version-history":[{"count":1,"href":"https:\/\/blogdoedvaldomagalhaes.com.br\/index.php\/wp-json\/wp\/v2\/posts\/103148\/revisions"}],"predecessor-version":[{"id":103150,"href":"https:\/\/blogdoedvaldomagalhaes.com.br\/index.php\/wp-json\/wp\/v2\/posts\/103148\/revisions\/103150"}],"wp:featuredmedia":[{"embeddable":true,"href":"https:\/\/blogdoedvaldomagalhaes.com.br\/index.php\/wp-json\/wp\/v2\/media\/103149"}],"wp:attachment":[{"href":"https:\/\/blogdoedvaldomagalhaes.com.br\/index.php\/wp-json\/wp\/v2\/media?parent=103148"}],"wp:term":[{"taxonomy":"category","embeddable":true,"href":"https:\/\/blogdoedvaldomagalhaes.com.br\/index.php\/wp-json\/wp\/v2\/categories?post=103148"},{"taxonomy":"post_tag","embeddable":true,"href":"https:\/\/blogdoedvaldomagalhaes.com.br\/index.php\/wp-json\/wp\/v2\/tags?post=103148"}],"curies":[{"name":"wp","href":"https:\/\/api.w.org\/{rel}","templated":true}]}}