{"id":103145,"date":"2023-11-25T21:28:28","date_gmt":"2023-11-26T00:28:28","guid":{"rendered":"https:\/\/blogdoedvaldomagalhaes.com.br\/?p=103145"},"modified":"2023-11-25T21:28:29","modified_gmt":"2023-11-26T00:28:29","slug":"governadora-raquel-lyra-vai-a-dubai-participar-de-paineis-internacionais-na-cop-e-coloca-pernambuco-no-protagonismo-do-debate-mundial-sobre-meio-ambiente-e-economia-sustentavel","status":"publish","type":"post","link":"https:\/\/blogdoedvaldomagalhaes.com.br\/index.php\/2023\/11\/25\/governadora-raquel-lyra-vai-a-dubai-participar-de-paineis-internacionais-na-cop-e-coloca-pernambuco-no-protagonismo-do-debate-mundial-sobre-meio-ambiente-e-economia-sustentavel\/","title":{"rendered":"Governadora Raquel Lyra vai a Dubai participar de pain\u00e9is internacionais na COP e coloca Pernambuco no protagonismo do debate mundial sobre meio ambiente e economia sustent\u00e1vel"},"content":{"rendered":"<p>A governadora Raquel Lyra estar\u00e1 na 28\u00aa edi\u00e7\u00e3o da Confer\u00eancia das Na\u00e7\u00f5es Unidas sobre Mudan\u00e7as Clim\u00e1ticas (COP 28), que acontece em Dubai, nos Emirados \u00c1rabes, entre os dias 30 de novembro e 12 de dezembro. Esta ser\u00e1 a primeira vez que ocorrer\u00e1 um evento co-promovido pela presid\u00eancia da COP focado em governos estaduais e municipais de todo o mundo, e a chefe do Executivo pernambucano ter\u00e1 a oportunidade de se apresentar na ocasi\u00e3o. A gestora vai integrar a comitiva do governo federal na COP 28, a convite do presidente Lula.<\/p>\n<p>At\u00e9 o momento, Raquel \u00e9 a \u00fanica governadora da regi\u00e3o Nordeste convidada para falar no Local Climate Action Summit (LCAS), al\u00e9m de ser uma das poucas lideran\u00e7as femininas dentro da rede Under2 Coalition &#8211; maior rede de governos subnacionais pelo Clima.<\/p>\n<p>\u201cEssa agenda \u00e9 importante porque precisamos cada vez mais entrar na rota da economia do futuro. A participa\u00e7\u00e3o na COP ser\u00e1 uma oportunidade \u00fanica para apresentarmos a potencialidade do nosso Estado, anunciarmos a\u00e7\u00f5es e demonstrarmos de que maneira podemos contribuir para o desenvolvimento de boas pol\u00edticas p\u00fablicas de clima e crescimento sustent\u00e1vel\u201d, aponta a governadora Raquel Lyra.<\/p>\n<p>Ao todo, a governadora recebeu convites para palestrar em cinco eventos da COP 28, onde abordar\u00e1 temas como o fortalecimento das a\u00e7\u00f5es clim\u00e1ticas, investimentos para a preserva\u00e7\u00e3o da caatinga, energia e\u00f3lica, entre outros.<\/p>\n<p>Essa \u00e9 a 28\u00aa edi\u00e7\u00e3o da Confer\u00eancia das Na\u00e7\u00f5es Unidas sobre Mudan\u00e7as Clim\u00e1ticas, que re\u00fane os representantes dos pa\u00edses signat\u00e1rios do UNFCCC &#8211; Conven\u00e7\u00e3o-Quadro das Na\u00e7\u00f5es Unidas sobre a Mudan\u00e7a do Clima. A COP serve para revisar o comprometimento dos pa\u00edses com a Conven\u00e7\u00e3o, com o Protocolo de Kyoto e com o Acordo de Paris. Foto: Jana\u00edna Pepeu\/Secom.<\/p>\n<p>Siga o Instagram do Blog @blogdoedvaldomagalhaes<br \/>\nSe inscreva no canal do Blog no You Tube<\/p>\n","protected":false},"excerpt":{"rendered":"<p>A governadora Raquel Lyra estar\u00e1 na 28\u00aa edi\u00e7\u00e3o da Confer\u00eancia das Na\u00e7\u00f5es Unidas sobre Mudan\u00e7as Clim\u00e1ticas (COP 28), que acontece&hellip;<\/p>\n","protected":false},"author":1,"featured_media":103146,"comment_status":"closed","ping_status":"open","sticky":false,"template":"","format":"standard","meta":{"footnotes":""},"categories":[14122],"tags":[28803,2,28801,3406,29205,20],"class_list":["post-103145","post","type-post","status-publish","format-standard","has-post-thumbnail","hentry","category-politica","tag-blog-com-mais-visualizacoes","tag-blog-do-edvaldo-magalhaes","tag-blog-mais-acessado","tag-caruaru","tag-governadora-raquel-lyra-vai-a-dubai-participar-de-paineis-internacionais-na-cop-e-coloca-pernambuco-no-protagonismo-do-debate-mundial-sobre-meio-ambiente-e-economia-sustentavel","tag-politica"],"_links":{"self":[{"href":"https:\/\/blogdoedvaldomagalhaes.com.br\/index.php\/wp-json\/wp\/v2\/posts\/103145","targetHints":{"allow":["GET"]}}],"collection":[{"href":"https:\/\/blogdoedvaldomagalhaes.com.br\/index.php\/wp-json\/wp\/v2\/posts"}],"about":[{"href":"https:\/\/blogdoedvaldomagalhaes.com.br\/index.php\/wp-json\/wp\/v2\/types\/post"}],"author":[{"embeddable":true,"href":"https:\/\/blogdoedvaldomagalhaes.com.br\/index.php\/wp-json\/wp\/v2\/users\/1"}],"replies":[{"embeddable":true,"href":"https:\/\/blogdoedvaldomagalhaes.com.br\/index.php\/wp-json\/wp\/v2\/comments?post=103145"}],"version-history":[{"count":1,"href":"https:\/\/blogdoedvaldomagalhaes.com.br\/index.php\/wp-json\/wp\/v2\/posts\/103145\/revisions"}],"predecessor-version":[{"id":103147,"href":"https:\/\/blogdoedvaldomagalhaes.com.br\/index.php\/wp-json\/wp\/v2\/posts\/103145\/revisions\/103147"}],"wp:featuredmedia":[{"embeddable":true,"href":"https:\/\/blogdoedvaldomagalhaes.com.br\/index.php\/wp-json\/wp\/v2\/media\/103146"}],"wp:attachment":[{"href":"https:\/\/blogdoedvaldomagalhaes.com.br\/index.php\/wp-json\/wp\/v2\/media?parent=103145"}],"wp:term":[{"taxonomy":"category","embeddable":true,"href":"https:\/\/blogdoedvaldomagalhaes.com.br\/index.php\/wp-json\/wp\/v2\/categories?post=103145"},{"taxonomy":"post_tag","embeddable":true,"href":"https:\/\/blogdoedvaldomagalhaes.com.br\/index.php\/wp-json\/wp\/v2\/tags?post=103145"}],"curies":[{"name":"wp","href":"https:\/\/api.w.org\/{rel}","templated":true}]}}