{"id":103142,"date":"2023-11-25T13:48:38","date_gmt":"2023-11-25T16:48:38","guid":{"rendered":"https:\/\/blogdoedvaldomagalhaes.com.br\/?p=103142"},"modified":"2023-11-25T13:48:39","modified_gmt":"2023-11-25T16:48:39","slug":"na-conferencia-estadual-de-cultura-governadora-raquel-lyra-comemora-o-desempenho-da-lei-paulo-gustavo-em-pernambuco","status":"publish","type":"post","link":"https:\/\/blogdoedvaldomagalhaes.com.br\/index.php\/2023\/11\/25\/na-conferencia-estadual-de-cultura-governadora-raquel-lyra-comemora-o-desempenho-da-lei-paulo-gustavo-em-pernambuco\/","title":{"rendered":"Na Confer\u00eancia Estadual de Cultura, governadora Raquel Lyra comemora o desempenho da Lei Paulo Gustavo em Pernambuco"},"content":{"rendered":"<p>Em uma iniciativa importante para o fortalecimento da cultura em Pernambuco, a governadora Raquel Lyra participou, na noite desta sexta-feira (24), da solenidade de abertura da 5\u00aa Confer\u00eancia Estadual de Cultura (CEC-PE), em Gravat\u00e1, no Agreste. Realizado pela Secretaria de Cultura (Secult-PE), o evento \u00e9 um importante momento para a constru\u00e7\u00e3o coletiva de propostas para o futuro do plano de pol\u00edticas p\u00fablicas em cultura no Estado. Ao lado da vice-governadora Priscila Krause, a governadora comemorou a not\u00edcia de que Pernambuco foi o primeiro Estado do Nordeste a garantir 100% de ades\u00e3o \u00e0 Lei Paulo Gustavo.<\/p>\n<p>\u201cN\u00f3s somos grandes pela for\u00e7a da nossa gente, da nossa cultura e pela capacidade de resili\u00eancia do nosso povo. E para isso precisamos construir pol\u00edticas p\u00fablicas de verdade, para tamb\u00e9m transformar nossa arte em economia e fazer com que as pessoas possam viver do que elas produzem, seja na feira de artesanato, no bordado, na madeira, no teatro, m\u00fasica, dan\u00e7a. Nosso papel \u00e9 buscar fortalecer tudo isso. E fico feliz por Pernambuco ser o primeiro Estado do Nordeste a atingir 100% da Lei Paulo Gustavo, que vai para investimentos no Cinema S\u00e3o Luiz, no Recife, e no Theatro Cinema Guarany, em Triunfo, al\u00e9m de outros equipamentos\u201d, destacou a governadora Raquel Lyra.<\/p>\n<p>Durante o evento, que vai at\u00e9 domingo (26), agentes e gestores culturais de Pernambuco v\u00e3o ter a oportunidade de discutir o setor localmente. \u201cA Confer\u00eancia Estadual de Cultura \u00e9 um momento importante, onde receberemos as demandas compiladas durante as Confer\u00eancias Municipais e Intermunicipais para direcionar a constru\u00e7\u00e3o de uma pol\u00edtica p\u00fablica de cultura que atenda Pernambuco todo\u201d, ressaltou a secret\u00e1ria de Cultura do Estado, Cacau de Paula.<\/p>\n<p>Patrim\u00f4nio Vivo de Pernambuco, o artista e mestre da xilogravura, J. Borges, esteve presente no evento e comemorou o momento. \u201cEu fa\u00e7o parte dessa cultura. Continuo trabalhando em prol da cultura e da arte popular, a arte do povo\u201d, registrou o artista.<\/p>\n<p>Foram elencados dez objetivos espec\u00edficos para a 5\u00aa CEC-PE. Entre eles est\u00e3o: ampliar o debate com a sociedade sobre o conceito de cultura como pol\u00edtica; propor estrat\u00e9gias para reconhecimento e fortalecimento da cultura como um dos fatores determinantes do desenvolvimento sustent\u00e1vel; e construir uma pol\u00edtica sociocultural que fortale\u00e7a a democracia participativa.<\/p>\n<p>Ao todo, participar\u00e3o da 5\u00aa CEC-PE mais de 330 delegados, sendo formados por aqueles eleitos nas confer\u00eancias realizadas em 83 munic\u00edpios e os titulares do Conselho Estadual de Pol\u00edtica Cultural (CEPC-PE), Conselho Estadual de Preserva\u00e7\u00e3o do Patrim\u00f4nio Cultural (CEPPC-PE) e Conselho Consultivo do Audiovisual (CCAU-PE). \u201cVamos aproveitar bem esse momento da confer\u00eancia, momento rico e especial para toda a express\u00e3o cultural de Pernambuco\u201d, disse o prefeito de Gravat\u00e1, Padre Joselito.<\/p>\n<p>O evento tem como foco a \u201cDemocracia e Direito \u00e0 Cultura\u201d, tem\u00e1tica institu\u00edda pelo Minist\u00e9rio da Cultura para a 4\u00aa Confer\u00eancia Nacional de Cultura, da qual a etapa estadual \u00e9 integrante. As discuss\u00f5es da 5\u00aa CEC-PE, ent\u00e3o, ser\u00e3o realizadas a partir de eixos propostos pelo Minist\u00e9rio da Cultura.<\/p>\n<p>Estiveram presentes no evento o diretor do Minist\u00e9rio da Cultura, Thiago Leandro; o secret\u00e1rio-chefe da Casa Militar, Coronel Herc\u00edlio Mamede; o presidente da Adepe, Andr\u00e9 Teixeira Filho; a presidente da Fundarpe, Renata Borba; os deputados estaduais Jo\u00e3ozinho Ten\u00f3rio e Joaquim Lira; a prefeita de Bezerros, Lucielle Laurentino; e a vereadora do Recife Cida Pedrosa. Foto: Hes\u00edodo G\u00f3es\/Secom.<\/p>\n<p>Siga o Instagram do Blog para comentar @blogdoedvaldomagalhaes<br \/>\nSe inscreva no canal do Blog no You Tube<\/p>\n","protected":false},"excerpt":{"rendered":"<p>Em uma iniciativa importante para o fortalecimento da cultura em Pernambuco, a governadora Raquel Lyra participou, na noite desta sexta-feira&hellip;<\/p>\n","protected":false},"author":1,"featured_media":103143,"comment_status":"closed","ping_status":"open","sticky":false,"template":"","format":"standard","meta":{"footnotes":""},"categories":[14122],"tags":[28803,2,28801,3406,29204,20],"class_list":["post-103142","post","type-post","status-publish","format-standard","has-post-thumbnail","hentry","category-politica","tag-blog-com-mais-visualizacoes","tag-blog-do-edvaldo-magalhaes","tag-blog-mais-acessado","tag-caruaru","tag-na-conferencia-estadual-de-cultura-governadora-raquel-lyra-comemora-o-desempenho-da-lei-paulo-gustavo-em-pernambuco","tag-politica"],"_links":{"self":[{"href":"https:\/\/blogdoedvaldomagalhaes.com.br\/index.php\/wp-json\/wp\/v2\/posts\/103142","targetHints":{"allow":["GET"]}}],"collection":[{"href":"https:\/\/blogdoedvaldomagalhaes.com.br\/index.php\/wp-json\/wp\/v2\/posts"}],"about":[{"href":"https:\/\/blogdoedvaldomagalhaes.com.br\/index.php\/wp-json\/wp\/v2\/types\/post"}],"author":[{"embeddable":true,"href":"https:\/\/blogdoedvaldomagalhaes.com.br\/index.php\/wp-json\/wp\/v2\/users\/1"}],"replies":[{"embeddable":true,"href":"https:\/\/blogdoedvaldomagalhaes.com.br\/index.php\/wp-json\/wp\/v2\/comments?post=103142"}],"version-history":[{"count":1,"href":"https:\/\/blogdoedvaldomagalhaes.com.br\/index.php\/wp-json\/wp\/v2\/posts\/103142\/revisions"}],"predecessor-version":[{"id":103144,"href":"https:\/\/blogdoedvaldomagalhaes.com.br\/index.php\/wp-json\/wp\/v2\/posts\/103142\/revisions\/103144"}],"wp:featuredmedia":[{"embeddable":true,"href":"https:\/\/blogdoedvaldomagalhaes.com.br\/index.php\/wp-json\/wp\/v2\/media\/103143"}],"wp:attachment":[{"href":"https:\/\/blogdoedvaldomagalhaes.com.br\/index.php\/wp-json\/wp\/v2\/media?parent=103142"}],"wp:term":[{"taxonomy":"category","embeddable":true,"href":"https:\/\/blogdoedvaldomagalhaes.com.br\/index.php\/wp-json\/wp\/v2\/categories?post=103142"},{"taxonomy":"post_tag","embeddable":true,"href":"https:\/\/blogdoedvaldomagalhaes.com.br\/index.php\/wp-json\/wp\/v2\/tags?post=103142"}],"curies":[{"name":"wp","href":"https:\/\/api.w.org\/{rel}","templated":true}]}}