{"id":103139,"date":"2023-11-25T11:20:27","date_gmt":"2023-11-25T14:20:27","guid":{"rendered":"https:\/\/blogdoedvaldomagalhaes.com.br\/?p=103139"},"modified":"2023-11-25T11:20:28","modified_gmt":"2023-11-25T14:20:28","slug":"loa-2024-com-receita-de-mais-de-r18-bilhao-em-caruaru-e-apresentada-na-camara","status":"publish","type":"post","link":"https:\/\/blogdoedvaldomagalhaes.com.br\/index.php\/2023\/11\/25\/loa-2024-com-receita-de-mais-de-r18-bilhao-em-caruaru-e-apresentada-na-camara\/","title":{"rendered":"LOA 2024 com receita de mais de R$1,8 bilh\u00e3o em Caruaru \u00e9 apresentada na C\u00e2mara"},"content":{"rendered":"<p>A Prefeitura de Caruaru, por meio das Secretarias de Planejamento e Gest\u00e3o, Governo, e Fazenda, juntamente com a Controladoria do munic\u00edpio, apresentou, nessa sexta-feira(24), a Lei Or\u00e7ament\u00e1ria Anual (LOA) de 2024 e a revis\u00e3o do Plano Plurianual 2022\/2025, em audi\u00eancia p\u00fablica na C\u00e2mara Municipal.<\/p>\n<p>A secret\u00e1ria de Planejamento e Gest\u00e3o (Pro Tempore), Andrezza Ribeiro, conduziu a apresenta\u00e7\u00e3o para os vereadores, destacando a cria\u00e7\u00e3o de cinco novos programas e 30 novas a\u00e7\u00f5es na modifica\u00e7\u00e3o do PPA. Entre os destaques est\u00e3o os Programas de Gest\u00e3o da Sa\u00fade e Prote\u00e7\u00e3o Animal, Gest\u00e3o da Escola de Governo, Desporto de Rendimento e Paradesporto, e Desenvolvimento e Inova\u00e7\u00e3o Tecnol\u00f3gica. Andrezza Ribeiro enfatizou a import\u00e2ncia do momento para esclarecimentos, afirmando: _&#8221;Esse momento \u00e9 fundamental para apresentar a LOA \u00e0 popula\u00e7\u00e3o e ao poder legislativo, esclarecendo d\u00favidas sobre sua execu\u00e7\u00e3o.&#8221;_<\/p>\n<p>A LOA de 2024, elaborada em conson\u00e2ncia com o Plano Plurianual 2022-2025, a Lei de Diretrizes Or\u00e7ament\u00e1rias e as leis de Responsabilidade Fiscal, estima receitas e fixa despesas superando R$ 1.897.536 bilh\u00e3o, direcionando recursos para \u00e1reas como educa\u00e7\u00e3o, transporte, sa\u00fade, zeladoria e habita\u00e7\u00e3o, entre outros.<\/p>\n<p>A constru\u00e7\u00e3o da LOA e revis\u00e3o do PPA contou com a participa\u00e7\u00e3o ativa dos cidad\u00e3os caruaruenses. Nove audi\u00eancias p\u00fablicas presenciais foram realizadas, envolvendo todas as secretarias municipais, resultando em 2.808 contribui\u00e7\u00f5es e participa\u00e7\u00f5es dos cidad\u00e3os municipais entre os dias 23 e 31 de maio.<\/p>\n<p>O planejamento busca guiar a administra\u00e7\u00e3o na gest\u00e3o dos recursos p\u00fablicos, pautado nos princ\u00edpios de efici\u00eancia, economia e legalidade, conforme a Lei de Responsabilidade Fiscal. Contribuindo para o estabelecimento de metas priorit\u00e1rias e impondo limites \u00e0 execu\u00e7\u00e3o de gastos, o processo visa um equil\u00edbrio respons\u00e1vel nas finan\u00e7as p\u00fablicas, alinhado \u00e0 capacidade de arrecada\u00e7\u00e3o e endividamento do munic\u00edpio.<\/p>\n<p>A gest\u00e3o municipal foi representada na audi\u00eancia de hoje pela secret\u00e1ria de Planejamento (pro tempore), Andrezza Ribeiro;  pela gerente-geral de Or\u00e7amento, Vanuzia Peixoto; pelo controlador do munic\u00edpio, Severino dos Santos; pela gerente geral de Contabilidade da SEFAZ, Anne Katarine; pelo diretor presidente da URB, Francisco de Assis; pelo secret\u00e1rio executivo da SDSDH, Silvio Alexandre; pelo secret\u00e1rio executivo da SMS, Thiago Muniz; e pelo secret\u00e1rio executivo da SAD, Osmarino Lamartine; Luana Marabuco secret\u00e1ria de Pol\u00edticas para Mulheres; e Manoel Junior, secret\u00e1rio de Desenvolvimento Rural.<\/p>\n<p>De modo online, participaram o secret\u00e1rio de Governo, Lino Portela; e a secret\u00e1ria de Educa\u00e7\u00e3o, Aline Tib\u00farcio.<br \/>\nFoto: Felipe Correia.<\/p>\n<p>Siga o Instagram do Blog para comentar @blogdoedvaldomagalhaes<br \/>\nSe inscreva no canal do Blog no You Tube<\/p>\n","protected":false},"excerpt":{"rendered":"<p>A Prefeitura de Caruaru, por meio das Secretarias de Planejamento e Gest\u00e3o, Governo, e Fazenda, juntamente com a Controladoria do&hellip;<\/p>\n","protected":false},"author":1,"featured_media":103140,"comment_status":"closed","ping_status":"open","sticky":false,"template":"","format":"standard","meta":{"footnotes":""},"categories":[14120],"tags":[28803,2,28801,3406,29203,29202],"class_list":["post-103139","post","type-post","status-publish","format-standard","has-post-thumbnail","hentry","category-noticias","tag-blog-com-mais-visualizacoes","tag-blog-do-edvaldo-magalhaes","tag-blog-mais-acessado","tag-caruaru","tag-loa-2024","tag-prefeitura-de-caruaru-apresenta-orcamento-2024-e-revisao-do-plano-plurianual-2022-2025-a-camara-de-vereadores"],"_links":{"self":[{"href":"https:\/\/blogdoedvaldomagalhaes.com.br\/index.php\/wp-json\/wp\/v2\/posts\/103139","targetHints":{"allow":["GET"]}}],"collection":[{"href":"https:\/\/blogdoedvaldomagalhaes.com.br\/index.php\/wp-json\/wp\/v2\/posts"}],"about":[{"href":"https:\/\/blogdoedvaldomagalhaes.com.br\/index.php\/wp-json\/wp\/v2\/types\/post"}],"author":[{"embeddable":true,"href":"https:\/\/blogdoedvaldomagalhaes.com.br\/index.php\/wp-json\/wp\/v2\/users\/1"}],"replies":[{"embeddable":true,"href":"https:\/\/blogdoedvaldomagalhaes.com.br\/index.php\/wp-json\/wp\/v2\/comments?post=103139"}],"version-history":[{"count":1,"href":"https:\/\/blogdoedvaldomagalhaes.com.br\/index.php\/wp-json\/wp\/v2\/posts\/103139\/revisions"}],"predecessor-version":[{"id":103141,"href":"https:\/\/blogdoedvaldomagalhaes.com.br\/index.php\/wp-json\/wp\/v2\/posts\/103139\/revisions\/103141"}],"wp:featuredmedia":[{"embeddable":true,"href":"https:\/\/blogdoedvaldomagalhaes.com.br\/index.php\/wp-json\/wp\/v2\/media\/103140"}],"wp:attachment":[{"href":"https:\/\/blogdoedvaldomagalhaes.com.br\/index.php\/wp-json\/wp\/v2\/media?parent=103139"}],"wp:term":[{"taxonomy":"category","embeddable":true,"href":"https:\/\/blogdoedvaldomagalhaes.com.br\/index.php\/wp-json\/wp\/v2\/categories?post=103139"},{"taxonomy":"post_tag","embeddable":true,"href":"https:\/\/blogdoedvaldomagalhaes.com.br\/index.php\/wp-json\/wp\/v2\/tags?post=103139"}],"curies":[{"name":"wp","href":"https:\/\/api.w.org\/{rel}","templated":true}]}}