{"id":103136,"date":"2023-11-25T00:16:44","date_gmt":"2023-11-25T03:16:44","guid":{"rendered":"https:\/\/blogdoedvaldomagalhaes.com.br\/?p=103136"},"modified":"2023-11-25T00:16:45","modified_gmt":"2023-11-25T03:16:45","slug":"encerramento-triunfante-do-musicaruaru-festival-uma-jornada-musical-que-deixa-um-legado-duradouro","status":"publish","type":"post","link":"https:\/\/blogdoedvaldomagalhaes.com.br\/index.php\/2023\/11\/25\/encerramento-triunfante-do-musicaruaru-festival-uma-jornada-musical-que-deixa-um-legado-duradouro\/","title":{"rendered":"Encerramento Triunfante do MUSICARUARU-Festival: Uma Jornada Musical que Deixa um Legado Duradouro"},"content":{"rendered":"<p>O MUSICARUARU &#8211; Festival, que agitou os finais de semana do m\u00eas de novembro, est\u00e1 chegando ao seu encerramento em grande estilo. O festival, que se estabeleceu como um marco cultural na cidade de Caruaru e em todo o estado de Pernambuco, proporcionou um m\u00eas repleto de m\u00fasica, arte e aprendizado.<br \/>\nAo longo das semanas, o MUSICARUARU apresentou uma rica variedade de talentos, desde artistas locais at\u00e9 nomes de destaque nacional. O p\u00fablico teve a oportunidade de mergulhar nas diversas express\u00f5es musicais, desde o forr\u00f3 tradicional at\u00e9 as inova\u00e7\u00f5es sonoras contempor\u00e2neas, foram eles:<br \/>\nERISSON PORTO, FABIO MELO, BARTH\u00d4, GABI DA PELE PRETA, FOLE DE OURO, FORR\u00d3 QUENT\u00c3O, DRIKO, ALM\u00c9RIO, MARTINS, JENI LIMA, ISABELA MORAES, BONECOS DE BARRO, ROG\u00c9RIA DERA&#8230;<br \/>\nO encerramento do MUSICARUARU-Festival ser\u00e1 marcado por uma explos\u00e3o de ritmos e tradi\u00e7\u00f5es, e n\u00e3o h\u00e1 forma mais emblem\u00e1tica de celebrar do que com muito forr\u00f3. No s\u00e1bado 25, ser\u00e1 a vez do jovem talento Martins, que conquistou proje\u00e7\u00e3o nacional e se destaca como um dos grandes nomes da MPB contempor\u00e2nea.<br \/>\nJ\u00e1 no domingo 26, as apresenta\u00e7\u00f5es de Renilda Cardoso e do representante do Sert\u00e3o do Estado, George Silva. A combina\u00e7\u00e3o de suas performances elevar\u00e1 o forr\u00f3 a um patamar \u00fanico, proporcionando um encerramento memor\u00e1vel para este festival. Fazendo as honras da casa, a renomada Renilda Cardoso, verdadeira embaixadora do forr\u00f3 de Caruaru e de Pernambuco, promete envolver o p\u00fablico em uma atmosfera \u00fanica. O forr\u00f3, com suas ra\u00edzes profundas e sua capacidade de unir gera\u00e7\u00f5es, ser\u00e1 a trilha sonora perfeita para celebrar e encerrar o MUSICARUARU 2023. Preparem-se para dan\u00e7ar, cantar e celebrar a cultura nordestina no seu esplendor, culminando em um encerramento memor\u00e1vel.<br \/>\nAo olharmos para tr\u00e1s, a retrospectiva do MUSICARUARU revela momentos memor\u00e1veis, encontros emocionantes e uma verdadeira celebra\u00e7\u00e3o da<\/p>\n<p>diversidade musical. Artistas locais brilharam ao lado de m\u00fasicos consagrados, e a plateia se entregou \u00e0 paix\u00e3o e \u00e0 magia da m\u00fasica em todas as suas formas.<br \/>\nOs realizadores e curadores do evento, Jean Carlos e Carlos Andr\u00e9, expressam sua gratid\u00e3o \u00e0 comunidade, aos artistas, aos parceiros e ao p\u00fablico que tornaram o MUSICARUARU uma experi\u00eancia inesquec\u00edvel. &#8220;Estamos emocionados com a resposta positiva que recebemos ao longo do festival. Cada nota, cada acorde, cada momento compartilhado com o p\u00fablico foi especial. Isso nos motiva a continuar crescendo e aprimorando o festival no futuro&#8221;, destacou Jean Carlos.<br \/>\nEnquanto o MUSICARUARU-Festival encerra sua edi\u00e7\u00e3o deste ano, os olhos j\u00e1 se voltam para o futuro. Os realizadores t\u00eam planos ambiciosos para o pr\u00f3ximo ano, com a inclus\u00e3o de atividades como workshops, encontros e outras iniciativas que promovam a intera\u00e7\u00e3o entre artistas e amantes da m\u00fasica.<br \/>\nO MUSICARUARU deixa um legado duradouro como um catalisador cultural, incentivando a cria\u00e7\u00e3o, a inova\u00e7\u00e3o e a valoriza\u00e7\u00e3o da riqueza musical da regi\u00e3o. Com o apoio cont\u00ednuo da comunidade, parceiros e patrocinadores, o festival est\u00e1 preparado para evoluir e se reinventar, garantindo um futuro promissor para a cena cultural de Caruaru e al\u00e9m.<br \/>\nA equipe do MUSICARUARU agradece a todos que participaram e contribu\u00edram para o sucesso deste evento marcante. A m\u00fasica continuar\u00e1 a ecoar, e as mem\u00f3rias do festival ser\u00e3o preservadas como parte integrante da pulsante hist\u00f3ria cultural de Pernambuco. Agradecimentos especiais ao Governo Federal, MINC, Governo de Pernambuco, FUNDARPE-SECULT, Prefeitura de Caruaru-FCC e Mercado Cultural Casa Rosa, al\u00e9m do fundamental apoio do Senador Humberto Costa, que incentivou o Festival desde o inicio atrav\u00e9s do seu mandato.<br \/>\nDetalhes do Encerramento:<br \/>\nDIA 25 Martins<br \/>\nDIA 26: George Silva, Renilda Cardoso<br \/>\nLocal: Mercado Cultural Casa Rosa, Feira de Caruaru &#8211; Av. Parque 18 de Maio. Hora: A partir das 13:00h.<\/p>\n<p>Foto: Divulga\u00e7\u00e3o.<\/p>\n<p><span style=\"font-size: revert;\">Siga o Instagram do Blog para comentar @blogdoedvaldomagalhaes<\/span><\/p>\n<p>Se inscreva no canal do Blog no YouTube<\/p>\n","protected":false},"excerpt":{"rendered":"<p>O MUSICARUARU &#8211; Festival, que agitou os finais de semana do m\u00eas de novembro, est\u00e1 chegando ao seu encerramento em&hellip;<\/p>\n","protected":false},"author":1,"featured_media":103137,"comment_status":"closed","ping_status":"open","sticky":false,"template":"","format":"standard","meta":{"footnotes":""},"categories":[14120],"tags":[28803,2,28801,3406,29201,6590],"class_list":["post-103136","post","type-post","status-publish","format-standard","has-post-thumbnail","hentry","category-noticias","tag-blog-com-mais-visualizacoes","tag-blog-do-edvaldo-magalhaes","tag-blog-mais-acessado","tag-caruaru","tag-encerramento-triunfante-do-musicaruaru-festival-uma-jornada-musical-que-deixa-um-legado-duradouro","tag-jean-carlos"],"_links":{"self":[{"href":"https:\/\/blogdoedvaldomagalhaes.com.br\/index.php\/wp-json\/wp\/v2\/posts\/103136","targetHints":{"allow":["GET"]}}],"collection":[{"href":"https:\/\/blogdoedvaldomagalhaes.com.br\/index.php\/wp-json\/wp\/v2\/posts"}],"about":[{"href":"https:\/\/blogdoedvaldomagalhaes.com.br\/index.php\/wp-json\/wp\/v2\/types\/post"}],"author":[{"embeddable":true,"href":"https:\/\/blogdoedvaldomagalhaes.com.br\/index.php\/wp-json\/wp\/v2\/users\/1"}],"replies":[{"embeddable":true,"href":"https:\/\/blogdoedvaldomagalhaes.com.br\/index.php\/wp-json\/wp\/v2\/comments?post=103136"}],"version-history":[{"count":1,"href":"https:\/\/blogdoedvaldomagalhaes.com.br\/index.php\/wp-json\/wp\/v2\/posts\/103136\/revisions"}],"predecessor-version":[{"id":103138,"href":"https:\/\/blogdoedvaldomagalhaes.com.br\/index.php\/wp-json\/wp\/v2\/posts\/103136\/revisions\/103138"}],"wp:featuredmedia":[{"embeddable":true,"href":"https:\/\/blogdoedvaldomagalhaes.com.br\/index.php\/wp-json\/wp\/v2\/media\/103137"}],"wp:attachment":[{"href":"https:\/\/blogdoedvaldomagalhaes.com.br\/index.php\/wp-json\/wp\/v2\/media?parent=103136"}],"wp:term":[{"taxonomy":"category","embeddable":true,"href":"https:\/\/blogdoedvaldomagalhaes.com.br\/index.php\/wp-json\/wp\/v2\/categories?post=103136"},{"taxonomy":"post_tag","embeddable":true,"href":"https:\/\/blogdoedvaldomagalhaes.com.br\/index.php\/wp-json\/wp\/v2\/tags?post=103136"}],"curies":[{"name":"wp","href":"https:\/\/api.w.org\/{rel}","templated":true}]}}