{"id":103131,"date":"2023-11-24T17:39:38","date_gmt":"2023-11-24T20:39:38","guid":{"rendered":"https:\/\/blogdoedvaldomagalhaes.com.br\/?p=103131"},"modified":"2023-11-24T17:39:39","modified_gmt":"2023-11-24T20:39:39","slug":"combate-a-fome-governadora-raquel-lyra-inaugura-cozinha-comunitaria-em-passira-e-estado-passa-a-contar-com-79-unidades","status":"publish","type":"post","link":"https:\/\/blogdoedvaldomagalhaes.com.br\/index.php\/2023\/11\/24\/combate-a-fome-governadora-raquel-lyra-inaugura-cozinha-comunitaria-em-passira-e-estado-passa-a-contar-com-79-unidades\/","title":{"rendered":"Combate \u00e0 fome: governadora Raquel Lyra inaugura cozinha comunit\u00e1ria em Passira e Estado passa a contar com 79 unidades"},"content":{"rendered":"<p>Com o objetivo de fortalecer as a\u00e7\u00f5es de assist\u00eancia social e combater a inseguran\u00e7a alimentar no Estado, a governadora Raquel Lyra inaugurou, nesta sexta-feira (24), a cozinha comunit\u00e1ria Evalda Maria Gon\u00e7alves de Albuquerque, no munic\u00edpio de Passira, no Agreste Setentrional. Com a entrega, Pernambuco alcan\u00e7a a marca de 24 unidades cofinanciadas pela gest\u00e3o estadual este ano e passa a contar com 79 equipamentos em todo o territ\u00f3rio pernambucano. A iniciativa \u00e9 umas das a\u00e7\u00f5es do programa Pernambuco Sem Fome, que teve seu Projeto de Lei encaminhado para a Assembleia Legislativa de Pernambuco esta semana.<\/p>\n<p>\u201cToda equipe do Governo tem trabalhado muito com a supera\u00e7\u00e3o da fome e da pobreza em nosso Estado. Infelizmente, ainda temos muitas pessoas que t\u00eam dificuldade em saber o que v\u00e3o comer na pr\u00f3xima refei\u00e7\u00e3o. Fico extremamente feliz em poder inaugurar um equipamento que vai atender a popula\u00e7\u00e3o mais vulner\u00e1vel, ofertando 200 refei\u00e7\u00f5es di\u00e1rias\u201d, destacou Raquel Lyra. A cozinha comunit\u00e1ria tamb\u00e9m ofertar\u00e1 capacita\u00e7\u00e3o e qualifica\u00e7\u00e3o, promovendo a gera\u00e7\u00e3o de emprego e renda para a comunidade.<\/p>\n<p>Para cofinanciar a abertura e a manuten\u00e7\u00e3o de 101 novas cozinhas, a gest\u00e3o da governadora Raquel Lyra triplicou a pactua\u00e7\u00e3o de verba para os munic\u00edpios, passando de R$ 10,9 milh\u00f5es (em 2022) para R$ 29,2 milh\u00f5es (em 2023). O objetivo \u00e9 que Pernambuco alcance o total de 156 cozinhas em 154 munic\u00edpios \u2013  Lagoa do Carro e Serra Talhada t\u00eam duas unidades cada.<\/p>\n<p>\u201cGra\u00e7as \u00e0 articula\u00e7\u00e3o do Governo de Pernambuco junto aos munic\u00edpios, a rede de cozinhas comunit\u00e1rias tem se expandido continuamente. Isso demonstra o car\u00e1ter de prioridade que a pol\u00edtica de seguran\u00e7a alimentar e nutricional alcan\u00e7a na gest\u00e3o da governadora Raquel Lyra\u201d, acrescenta o titular da Secretaria de Desenvolvimento Social, Crian\u00e7a, Juventude e Preven\u00e7\u00e3o \u00e0 Viol\u00eancia e \u00e0s Drogas (SDSCJPVD), Carlos Braga.<\/p>\n<p>O prefeito de Passira, Severino Silvestre, agradeceu o empenho e parceria do Governo do Estado. \u201cSabemos do compromisso de toda equipe do Governo com a popula\u00e7\u00e3o do nosso munic\u00edpio. Estou muito feliz por tudo isso que a governadora tem feito pela nossa cidade. Vamos trabalhar juntos fazendo com que a fome suma do nosso Estado\u201d, declarou.<\/p>\n<p>O nome da cozinha homenageia Evalda Albuquerque, figura de relev\u00e2ncia na sociedade passirense. Formada em Biologia, ela foi professora e dividia a aten\u00e7\u00e3o entre a carreira profissional, o cuidado com a fam\u00edlia e o trabalho comunit\u00e1rio.<\/p>\n<p>Benefici\u00e1rio da cozinha comunit\u00e1ria, Edemir Rodrigues, 48 anos, est\u00e1 desempregado e enfatizou a import\u00e2ncia da distribui\u00e7\u00e3o do alimento para a popula\u00e7\u00e3o em situa\u00e7\u00e3o de vulnerabilidade. \u201cEssa cozinha \u00e9 uma ajuda pra mim e para todas as pessoas com dificuldade, que \u00e0s vezes n\u00e3o t\u00eam nada o que comer. Est\u00e3o de parab\u00e9ns a governadora, o prefeito e toda a equipe\u201d, enfatizou.<\/p>\n<p>Al\u00e9m de Passira, o Governo de Pernambuco tamb\u00e9m inaugurou em 2023, cozinhas comunit\u00e1ria nos munic\u00edpios de Jatob\u00e1, Ch\u00e3 de Alegria, Itapetim, S\u00e3o Vicente F\u00e9rrer, Catende, Manari, Santa Cruz da Baixa Verde, Mirandiba, Solid\u00e3o, Tuparetama, Amaraji, Camutanga, Ferreiros, Salgadinho, Sanhar\u00f3, Salo\u00e1, Quipap\u00e1, Ch\u00e3 Grande, Carna\u00edba, Cabo de Santo Agostinho, Lagoa do Ouro, Jo\u00e3o Alfredo e Brej\u00e3o.<\/p>\n<p>FEIRA DE BORDADOS \u2014 Ainda no munic\u00edpio, a chefe do Executivo estadual prestigiou a 35\u00aa edi\u00e7\u00e3o da tradicional Feira do Bordado Manual de Passira (Febomap). Durante o evento, os visitantes puderam explorar uma variedade de estilos e t\u00e9cnicas de bordado, desde os tradicionais at\u00e9 os mais modernos. H\u00e1 uma ampla sele\u00e7\u00e3o de produtos, incluindo roupas, acess\u00f3rios, decora\u00e7\u00e3o para o lar, cama, mesa, banho e artigos para beb\u00ea.<\/p>\n<p>Estiveram presentes acompanhando as agendas o secret\u00e1rio executivo da Casa Civil, Rubens J\u00fanior; o assessor especial da governadora, Jos\u00e9 Pereira; o diretor-presidente da Ag\u00eancia de Desenvolvimento Econ\u00f4mico de Pernambuco, Andr\u00e9 Teixeira; o presidente do SEBRAE Pernambuco, Murilo Roberto; os deputados estaduais Cl\u00e9ber Chaparral, Eriberto Filho e Aglailson Victor; os prefeitos Z\u00e9 de Veva (Salgadinho), Danilson Gonzaga (Feira Nova), Josaf\u00e1 Almeida (S\u00e3o Caetano), Janj\u00e3o (Bom Jardim), Juliana de Chaparral (Casinhas), Biu Abreu (Orob\u00f3), Mariana Medeiros (Cumaru); e o presidente da C\u00e2mara de Vereadores de Passira, Ant\u00f4nio Luiz.<br \/>\nFoto: Jana\u00edna Pepeu\/Secom.<\/p>\n<p>Siga o Instagram do Blog para comentar @blogdoedvaldomagalhaes<br \/>\nSe inscreva no canal do Blog no You Tube<\/p>\n","protected":false},"excerpt":{"rendered":"<p>Com o objetivo de fortalecer as a\u00e7\u00f5es de assist\u00eancia social e combater a inseguran\u00e7a alimentar no Estado, a governadora Raquel&hellip;<\/p>\n","protected":false},"author":1,"featured_media":103132,"comment_status":"closed","ping_status":"open","sticky":false,"template":"","format":"standard","meta":{"footnotes":""},"categories":[14122],"tags":[28803,28801,3406,29200],"class_list":["post-103131","post","type-post","status-publish","format-standard","has-post-thumbnail","hentry","category-politica","tag-blog-com-mais-visualizacoes","tag-blog-mais-acessado","tag-caruaru","tag-combate-a-fome-governadora-raquel-lyra-inaugura-cozinha-comunitaria-em-passira-e-estado-passa-a-contar-com-79-unidades"],"_links":{"self":[{"href":"https:\/\/blogdoedvaldomagalhaes.com.br\/index.php\/wp-json\/wp\/v2\/posts\/103131","targetHints":{"allow":["GET"]}}],"collection":[{"href":"https:\/\/blogdoedvaldomagalhaes.com.br\/index.php\/wp-json\/wp\/v2\/posts"}],"about":[{"href":"https:\/\/blogdoedvaldomagalhaes.com.br\/index.php\/wp-json\/wp\/v2\/types\/post"}],"author":[{"embeddable":true,"href":"https:\/\/blogdoedvaldomagalhaes.com.br\/index.php\/wp-json\/wp\/v2\/users\/1"}],"replies":[{"embeddable":true,"href":"https:\/\/blogdoedvaldomagalhaes.com.br\/index.php\/wp-json\/wp\/v2\/comments?post=103131"}],"version-history":[{"count":1,"href":"https:\/\/blogdoedvaldomagalhaes.com.br\/index.php\/wp-json\/wp\/v2\/posts\/103131\/revisions"}],"predecessor-version":[{"id":103133,"href":"https:\/\/blogdoedvaldomagalhaes.com.br\/index.php\/wp-json\/wp\/v2\/posts\/103131\/revisions\/103133"}],"wp:featuredmedia":[{"embeddable":true,"href":"https:\/\/blogdoedvaldomagalhaes.com.br\/index.php\/wp-json\/wp\/v2\/media\/103132"}],"wp:attachment":[{"href":"https:\/\/blogdoedvaldomagalhaes.com.br\/index.php\/wp-json\/wp\/v2\/media?parent=103131"}],"wp:term":[{"taxonomy":"category","embeddable":true,"href":"https:\/\/blogdoedvaldomagalhaes.com.br\/index.php\/wp-json\/wp\/v2\/categories?post=103131"},{"taxonomy":"post_tag","embeddable":true,"href":"https:\/\/blogdoedvaldomagalhaes.com.br\/index.php\/wp-json\/wp\/v2\/tags?post=103131"}],"curies":[{"name":"wp","href":"https:\/\/api.w.org\/{rel}","templated":true}]}}