{"id":103128,"date":"2023-11-24T17:30:56","date_gmt":"2023-11-24T20:30:56","guid":{"rendered":"https:\/\/blogdoedvaldomagalhaes.com.br\/?p=103128"},"modified":"2023-11-24T17:30:57","modified_gmt":"2023-11-24T20:30:57","slug":"teto-de-supermercado-desaba-no-grande-recife-e-vitima-e-resgatada-de-helicoptero","status":"publish","type":"post","link":"https:\/\/blogdoedvaldomagalhaes.com.br\/index.php\/2023\/11\/24\/teto-de-supermercado-desaba-no-grande-recife-e-vitima-e-resgatada-de-helicoptero\/","title":{"rendered":"Teto de supermercado desaba no Grande Recife e v\u00edtima \u00e9 resgatada de helic\u00f3ptero"},"content":{"rendered":"<p>Um homem, de 23 anos, v\u00edtima do desabamento de um teto de supermercado em Jaboat\u00e3o dos Guararapes, no Grande Recife, foi resgatado de helic\u00f3ptero nesta sexta-feira (24). A a\u00e7\u00e3o foi realizada em a\u00e7\u00e3o conjunta da Pol\u00edcia Rodovi\u00e1ria Federal (PRF) e SAMU Metropolitano Recife.<\/p>\n<p>Por volta das 9h30, a central de regula\u00e7\u00e3o do Servi\u00e7o de Atendimento M\u00f3vel de Urg\u00eancia (SAMU) acionou a equipe aerom\u00e9dica para o local do desabamento. Um homem foi retirado em estado grave dos escombros e seguiu de helic\u00f3ptero at\u00e9 o Campo do Derby, na \u00e1rea central do Recife.<\/p>\n<p>Em seguida, ele foi transportado de ambul\u00e2ncia para receber atendimento no Hospital da Restaura\u00e7\u00e3o, no centro da cidade. Durante o percurso, o paciente teve uma parada cardiorrespirat\u00f3ria e precisou ser reanimado. Foto: Divulga\u00e7\u00e3o<\/p>\n<p>Siga o Instagram do Blog para comentar @blogdoedvaldomagalhaes<br \/>\nSe inscreva no canal do Blog no You Tube<\/p>\n","protected":false},"excerpt":{"rendered":"<p>Um homem, de 23 anos, v\u00edtima do desabamento de um teto de supermercado em Jaboat\u00e3o dos Guararapes, no Grande Recife,&hellip;<\/p>\n","protected":false},"author":1,"featured_media":103129,"comment_status":"closed","ping_status":"open","sticky":false,"template":"","format":"standard","meta":{"footnotes":""},"categories":[14121],"tags":[28803,2,28801,3406,29199],"class_list":["post-103128","post","type-post","status-publish","format-standard","has-post-thumbnail","hentry","category-policial","tag-blog-com-mais-visualizacoes","tag-blog-do-edvaldo-magalhaes","tag-blog-mais-acessado","tag-caruaru","tag-teto-de-supermercado-desaba-no-grande-recife-e-vitima-e-resgatada-de-helicoptero"],"_links":{"self":[{"href":"https:\/\/blogdoedvaldomagalhaes.com.br\/index.php\/wp-json\/wp\/v2\/posts\/103128","targetHints":{"allow":["GET"]}}],"collection":[{"href":"https:\/\/blogdoedvaldomagalhaes.com.br\/index.php\/wp-json\/wp\/v2\/posts"}],"about":[{"href":"https:\/\/blogdoedvaldomagalhaes.com.br\/index.php\/wp-json\/wp\/v2\/types\/post"}],"author":[{"embeddable":true,"href":"https:\/\/blogdoedvaldomagalhaes.com.br\/index.php\/wp-json\/wp\/v2\/users\/1"}],"replies":[{"embeddable":true,"href":"https:\/\/blogdoedvaldomagalhaes.com.br\/index.php\/wp-json\/wp\/v2\/comments?post=103128"}],"version-history":[{"count":1,"href":"https:\/\/blogdoedvaldomagalhaes.com.br\/index.php\/wp-json\/wp\/v2\/posts\/103128\/revisions"}],"predecessor-version":[{"id":103130,"href":"https:\/\/blogdoedvaldomagalhaes.com.br\/index.php\/wp-json\/wp\/v2\/posts\/103128\/revisions\/103130"}],"wp:featuredmedia":[{"embeddable":true,"href":"https:\/\/blogdoedvaldomagalhaes.com.br\/index.php\/wp-json\/wp\/v2\/media\/103129"}],"wp:attachment":[{"href":"https:\/\/blogdoedvaldomagalhaes.com.br\/index.php\/wp-json\/wp\/v2\/media?parent=103128"}],"wp:term":[{"taxonomy":"category","embeddable":true,"href":"https:\/\/blogdoedvaldomagalhaes.com.br\/index.php\/wp-json\/wp\/v2\/categories?post=103128"},{"taxonomy":"post_tag","embeddable":true,"href":"https:\/\/blogdoedvaldomagalhaes.com.br\/index.php\/wp-json\/wp\/v2\/tags?post=103128"}],"curies":[{"name":"wp","href":"https:\/\/api.w.org\/{rel}","templated":true}]}}