{"id":103125,"date":"2023-11-24T17:12:24","date_gmt":"2023-11-24T20:12:24","guid":{"rendered":"https:\/\/blogdoedvaldomagalhaes.com.br\/?p=103125"},"modified":"2023-11-24T17:12:25","modified_gmt":"2023-11-24T20:12:25","slug":"criancas-em-tratamento-contra-o-cancer-ganham-dia-especial-na-prf-em-caruaru","status":"publish","type":"post","link":"https:\/\/blogdoedvaldomagalhaes.com.br\/index.php\/2023\/11\/24\/criancas-em-tratamento-contra-o-cancer-ganham-dia-especial-na-prf-em-caruaru\/","title":{"rendered":"Crian\u00e7as em tratamento contra o c\u00e2ncer ganham dia especial na PRF em Caruaru"},"content":{"rendered":"<p>Crian\u00e7as e adolescentes atendidas pelo Instituto do C\u00e2ncer Infantil do Agreste (ICIA) participaram, nesta sexta-feira(24), de um dia especial na Delegacia da PRF de Caruaru. A iniciativa integra o projeto Policiais contra o C\u00e2ncer Infantil e acontece em todo o pa\u00eds.<\/p>\n<p>As crian\u00e7as conheceram de perto as viaturas quatro rodas e motocicletas, assistiram \u00e0 apresenta\u00e7\u00e3o de c\u00e3es de faro e participaram de atividades l\u00fadicas. Como um gesto de solidariedade \u00e0s crian\u00e7as em tratamento, policiais tamb\u00e9m rasparam a cabe\u00e7a.<\/p>\n<p>O evento ainda incluiu um lanche especial para os participantes, al\u00e9m da entrega de brinquedos e alimentos n\u00e3o perec\u00edveis ao ICIA. A a\u00e7\u00e3o contou com a participa\u00e7\u00e3o da Pol\u00edcia Militar de Pernambuco (PMPE), Corpo de Bombeiros e Autarquia de Mobilidade, Tr\u00e2nsito e Transportes de Caruaru (AMTTC), Sindicato da PRF e Top Ouro.<\/p>\n<p>*ICIA*<\/p>\n<p>O Instituto do C\u00e2ncer Infantil do Agreste (ICIA) \u00e9 uma entidade sem fins lucrativos, que surgiu a partir de uma ideia do m\u00e9dico Luiz Henrique Soares. O objetivo da organiza\u00e7\u00e3o \u00e9 proporcionar tratamento, amenizar o sofrimento de crian\u00e7as com c\u00e2ncer, oferecer apoio e atendimento gratuito e multidisciplinar para pacientes e familiares.<\/p>\n<p>Tem com miss\u00e3o Proporcionar atendimento m\u00e9dico-social digno e humanizado \u00e0s crian\u00e7as e aos adolescentes carentes portadores de c\u00e2ncer do interior de Pernambuco, visando uma melhor qualidade de vida para eles e seus familiares, al\u00e9m de reinseri-los na sociedade. Foto: Divulga\u00e7\u00e3o\/PRF<\/p>\n<p>Siga o Instagram do Blog para comentar @blogdoedvadomagalhaes<br \/>\nSe inscreva no canal do Blog no You Tube<\/p>\n","protected":false},"excerpt":{"rendered":"<p>Crian\u00e7as e adolescentes atendidas pelo Instituto do C\u00e2ncer Infantil do Agreste (ICIA) participaram, nesta sexta-feira(24), de um dia especial na&hellip;<\/p>\n","protected":false},"author":1,"featured_media":103126,"comment_status":"closed","ping_status":"open","sticky":false,"template":"","format":"standard","meta":{"footnotes":""},"categories":[14121],"tags":[28803,2,28801,3406,29198],"class_list":["post-103125","post","type-post","status-publish","format-standard","has-post-thumbnail","hentry","category-policial","tag-blog-com-mais-visualizacoes","tag-blog-do-edvaldo-magalhaes","tag-blog-mais-acessado","tag-caruaru","tag-criancas-em-tratamento-contra-o-cancer-ganham-dia-especial-na-prf-em-caruaru"],"_links":{"self":[{"href":"https:\/\/blogdoedvaldomagalhaes.com.br\/index.php\/wp-json\/wp\/v2\/posts\/103125","targetHints":{"allow":["GET"]}}],"collection":[{"href":"https:\/\/blogdoedvaldomagalhaes.com.br\/index.php\/wp-json\/wp\/v2\/posts"}],"about":[{"href":"https:\/\/blogdoedvaldomagalhaes.com.br\/index.php\/wp-json\/wp\/v2\/types\/post"}],"author":[{"embeddable":true,"href":"https:\/\/blogdoedvaldomagalhaes.com.br\/index.php\/wp-json\/wp\/v2\/users\/1"}],"replies":[{"embeddable":true,"href":"https:\/\/blogdoedvaldomagalhaes.com.br\/index.php\/wp-json\/wp\/v2\/comments?post=103125"}],"version-history":[{"count":1,"href":"https:\/\/blogdoedvaldomagalhaes.com.br\/index.php\/wp-json\/wp\/v2\/posts\/103125\/revisions"}],"predecessor-version":[{"id":103127,"href":"https:\/\/blogdoedvaldomagalhaes.com.br\/index.php\/wp-json\/wp\/v2\/posts\/103125\/revisions\/103127"}],"wp:featuredmedia":[{"embeddable":true,"href":"https:\/\/blogdoedvaldomagalhaes.com.br\/index.php\/wp-json\/wp\/v2\/media\/103126"}],"wp:attachment":[{"href":"https:\/\/blogdoedvaldomagalhaes.com.br\/index.php\/wp-json\/wp\/v2\/media?parent=103125"}],"wp:term":[{"taxonomy":"category","embeddable":true,"href":"https:\/\/blogdoedvaldomagalhaes.com.br\/index.php\/wp-json\/wp\/v2\/categories?post=103125"},{"taxonomy":"post_tag","embeddable":true,"href":"https:\/\/blogdoedvaldomagalhaes.com.br\/index.php\/wp-json\/wp\/v2\/tags?post=103125"}],"curies":[{"name":"wp","href":"https:\/\/api.w.org\/{rel}","templated":true}]}}