{"id":103122,"date":"2023-11-24T17:02:36","date_gmt":"2023-11-24T20:02:36","guid":{"rendered":"https:\/\/blogdoedvaldomagalhaes.com.br\/?p=103122"},"modified":"2023-11-24T17:02:37","modified_gmt":"2023-11-24T20:02:37","slug":"catedral-nossa-senhora-das-dores-em-caruaru-anuncia-o-show-vinde-senhor","status":"publish","type":"post","link":"https:\/\/blogdoedvaldomagalhaes.com.br\/index.php\/2023\/11\/24\/catedral-nossa-senhora-das-dores-em-caruaru-anuncia-o-show-vinde-senhor\/","title":{"rendered":"Catedral Nossa Senhora das Dores, em Caruaru, anuncia o Show \u201cVinde, Senhor\u201d"},"content":{"rendered":"<p>Ap\u00f3s o grande sucesso e receptividade do povo cat\u00f3lico com o projeto _Louva Caruaru_, a Catedral promove mais um encontro de f\u00e9.<br \/>\nEm dezembro \u00e9 a vez do \u201c_Vinde, Senhor_\u201c. Al\u00e9m de um grande momento de louvor, conduzido pelo Frei Gilson, esse evento tamb\u00e9m tem como objetivo, arrecadar fundos para a conclus\u00e3o das obras da Catedral.<\/p>\n<p>O \u201c_Vinde, Senhor_\u201d acontecer\u00e1 na \u00e1rea interna de eventos do Polo Caruaru, e j\u00e1 tem ingressos disponibilizados para a venda, *na Catedral, na Livraria Redentorista ou no app\/site da Bilheteria Digital.*<\/p>\n<p>A \u00faltima passagem do Frei Gilson por Caruaru, aconteceu nos dias 14 e 15 de junho, onde os cat\u00f3licos puderam acompanhar uma extensa programa\u00e7\u00e3o que incluiu missas, ros\u00e1rios, grava\u00e7\u00f5es de podcasts, entrevistas com a imprensa local e tamb\u00e9m, o show cat\u00f3lico que coroou a estadia do religioso na cidade.<br \/>\nCaruaru recebeu milhares de pessoas que desejavam viver intensos momentos de f\u00e9 na presen\u00e7a de Jesus, e assim promete ser tamb\u00e9m, o pr\u00f3ximo encontro promovido pela Diocese.<\/p>\n<p>Siga o Instagram do Blog para comentar @blogdoedvaldomagalhaes<br \/>\nSe inscreva no canal do Blog no You Tube<\/p>\n","protected":false},"excerpt":{"rendered":"<p>Ap\u00f3s o grande sucesso e receptividade do povo cat\u00f3lico com o projeto _Louva Caruaru_, a Catedral promove mais um encontro&hellip;<\/p>\n","protected":false},"author":1,"featured_media":103123,"comment_status":"closed","ping_status":"open","sticky":false,"template":"","format":"standard","meta":{"footnotes":""},"categories":[14120],"tags":[28803,2,28801,3406,29197],"class_list":["post-103122","post","type-post","status-publish","format-standard","has-post-thumbnail","hentry","category-noticias","tag-blog-com-mais-visualizacoes","tag-blog-do-edvaldo-magalhaes","tag-blog-mais-acessado","tag-caruaru","tag-catedral-nossa-senhora-das-dores-em-caruaru-anuncia-o-show-vinde-senhor"],"_links":{"self":[{"href":"https:\/\/blogdoedvaldomagalhaes.com.br\/index.php\/wp-json\/wp\/v2\/posts\/103122","targetHints":{"allow":["GET"]}}],"collection":[{"href":"https:\/\/blogdoedvaldomagalhaes.com.br\/index.php\/wp-json\/wp\/v2\/posts"}],"about":[{"href":"https:\/\/blogdoedvaldomagalhaes.com.br\/index.php\/wp-json\/wp\/v2\/types\/post"}],"author":[{"embeddable":true,"href":"https:\/\/blogdoedvaldomagalhaes.com.br\/index.php\/wp-json\/wp\/v2\/users\/1"}],"replies":[{"embeddable":true,"href":"https:\/\/blogdoedvaldomagalhaes.com.br\/index.php\/wp-json\/wp\/v2\/comments?post=103122"}],"version-history":[{"count":1,"href":"https:\/\/blogdoedvaldomagalhaes.com.br\/index.php\/wp-json\/wp\/v2\/posts\/103122\/revisions"}],"predecessor-version":[{"id":103124,"href":"https:\/\/blogdoedvaldomagalhaes.com.br\/index.php\/wp-json\/wp\/v2\/posts\/103122\/revisions\/103124"}],"wp:featuredmedia":[{"embeddable":true,"href":"https:\/\/blogdoedvaldomagalhaes.com.br\/index.php\/wp-json\/wp\/v2\/media\/103123"}],"wp:attachment":[{"href":"https:\/\/blogdoedvaldomagalhaes.com.br\/index.php\/wp-json\/wp\/v2\/media?parent=103122"}],"wp:term":[{"taxonomy":"category","embeddable":true,"href":"https:\/\/blogdoedvaldomagalhaes.com.br\/index.php\/wp-json\/wp\/v2\/categories?post=103122"},{"taxonomy":"post_tag","embeddable":true,"href":"https:\/\/blogdoedvaldomagalhaes.com.br\/index.php\/wp-json\/wp\/v2\/tags?post=103122"}],"curies":[{"name":"wp","href":"https:\/\/api.w.org\/{rel}","templated":true}]}}