{"id":103119,"date":"2023-11-24T16:52:44","date_gmt":"2023-11-24T19:52:44","guid":{"rendered":"https:\/\/blogdoedvaldomagalhaes.com.br\/?p=103119"},"modified":"2023-11-24T17:06:37","modified_gmt":"2023-11-24T20:06:37","slug":"reconstrucao-da-avenida-jose-rodrigues-de-jesus-ocorrera-a-partir-do-inicio-de-2024","status":"publish","type":"post","link":"https:\/\/blogdoedvaldomagalhaes.com.br\/index.php\/2023\/11\/24\/reconstrucao-da-avenida-jose-rodrigues-de-jesus-ocorrera-a-partir-do-inicio-de-2024\/","title":{"rendered":"Reconstru\u00e7\u00e3o da Avenida Jos\u00e9 Rodrigues de Jesus ocorrer\u00e1 a partir do in\u00edcio de 2024"},"content":{"rendered":"<p>J\u00e1 caracterizado pela execu\u00e7\u00e3o e a entrega de grandes obras, o governo Rodrigo Pinheiro dar\u00e1 start, em breve, a mais um investimento transformador em Caruaru: a reconstru\u00e7\u00e3o da Avenida Jos\u00e9 Rodrigues de Jesus, no bairro Indian\u00f3polis. Uma das principais entradas da cidade, com mais de 3 quil\u00f4metros de interven\u00e7\u00e3o, a Avenida ser\u00e1 totalmente reconstru\u00edda, integrando a utiliza\u00e7\u00e3o de ve\u00edculos e pedestres, modernizando esse acesso a Capital do Agreste.<\/p>\n<p>\u201cAp\u00f3s an\u00e1lise t\u00e9cnica da equipe de engenharia comandada pelo secret\u00e1rio Andrews Melo, identificamos a necessidade da realiza\u00e7\u00e3o de manuten\u00e7\u00f5es em trechos do pavimento, bem como faremos a reestrutura\u00e7\u00e3o das camadas de base e sub-base nos trechos que apresentam maior deteriora\u00e7\u00e3o. Al\u00e9m disso, ocorrer\u00e3o melhorias no sistema de drenagem\u201d, detalhou o gerente de projetos da Secretaria Municipal de Infraestrutura Urbana e Obras, Matheus Fraga.<\/p>\n<p>O conjunto de obras tamb\u00e9m contempla toda a sinaliza\u00e7\u00e3o horizontal e vertical, garantindo que os ve\u00edculos transitem de forma mais confort\u00e1vel e segura pela via, diminuindo os riscos de acidentes. Al\u00e9m disso, propiciar\u00e1 melhores condi\u00e7\u00f5es de mobilidade a pedestres com as requalifica\u00e7\u00f5es dos espa\u00e7os de passeios.<\/p>\n<p>Por l\u00e1, um novo paisagismo ser\u00e1 executado com a implanta\u00e7\u00e3o de \u00e1rvores de m\u00e9dio porte, bem como todo sistema de ilumina\u00e7\u00e3o ser\u00e1 requalificado, deixando a Jos\u00e9 Rodrigues de Jesus ainda mais iluminada. Tamb\u00e9m ocorrer\u00e3o manuten\u00e7\u00f5es nas estruturas do viaduto e da ponte, que integram a avenida, garantindo, assim, maior vida \u00fatil a ambos.<\/p>\n<p>Com previs\u00e3o para ocorrer no come\u00e7o em 2024, a reconstru\u00e7\u00e3o da Jos\u00e9 Rodrigues de Jesus vem a se somar \u00e0 s\u00e9rie de investimentos, que vem acontecendo por toda a cidade com o objetivo de oferecer melhores condi\u00e7\u00f5es de vida \u00e0 toda popula\u00e7\u00e3o caruaruense, com estruturas modernas e eficientes. \u201cDemos in\u00edcio, esta semana, a obra da ponte Rendeiras\/Jos\u00e9 Liberato, os investimentos, na ordem dos R$ 20 milh\u00f5es contemplam a parte vi\u00e1ria de ambos os locais. Sem d\u00favidas, um marco em termos de investimento no quesito mobilidade\u201d, destacou o secret\u00e1rio de Infraestrutura Urbana e Obras de Caruaru, Andrews Melo. Foto: Divulga\u00e7\u00e3o<\/p>\n<p>Siga o Instagram do Blog para comentar @blogdoedvaldomagalhaes<br \/>\nSe inscreva no canal do Blog no You Tube<\/p>\n","protected":false},"excerpt":{"rendered":"<p>J\u00e1 caracterizado pela execu\u00e7\u00e3o e a entrega de grandes obras, o governo Rodrigo Pinheiro dar\u00e1 start, em breve, a mais&hellip;<\/p>\n","protected":false},"author":1,"featured_media":103120,"comment_status":"closed","ping_status":"open","sticky":false,"template":"","format":"standard","meta":{"footnotes":""},"categories":[14122],"tags":[28803,2,28801,3406,29196],"class_list":["post-103119","post","type-post","status-publish","format-standard","has-post-thumbnail","hentry","category-politica","tag-blog-com-mais-visualizacoes","tag-blog-do-edvaldo-magalhaes","tag-blog-mais-acessado","tag-caruaru","tag-reconstrucao-da-avenida-jose-rodrigues-de-jesus-ocorrera-ja-a-partir-do-inicio-de-2024"],"_links":{"self":[{"href":"https:\/\/blogdoedvaldomagalhaes.com.br\/index.php\/wp-json\/wp\/v2\/posts\/103119","targetHints":{"allow":["GET"]}}],"collection":[{"href":"https:\/\/blogdoedvaldomagalhaes.com.br\/index.php\/wp-json\/wp\/v2\/posts"}],"about":[{"href":"https:\/\/blogdoedvaldomagalhaes.com.br\/index.php\/wp-json\/wp\/v2\/types\/post"}],"author":[{"embeddable":true,"href":"https:\/\/blogdoedvaldomagalhaes.com.br\/index.php\/wp-json\/wp\/v2\/users\/1"}],"replies":[{"embeddable":true,"href":"https:\/\/blogdoedvaldomagalhaes.com.br\/index.php\/wp-json\/wp\/v2\/comments?post=103119"}],"version-history":[{"count":1,"href":"https:\/\/blogdoedvaldomagalhaes.com.br\/index.php\/wp-json\/wp\/v2\/posts\/103119\/revisions"}],"predecessor-version":[{"id":103121,"href":"https:\/\/blogdoedvaldomagalhaes.com.br\/index.php\/wp-json\/wp\/v2\/posts\/103119\/revisions\/103121"}],"wp:featuredmedia":[{"embeddable":true,"href":"https:\/\/blogdoedvaldomagalhaes.com.br\/index.php\/wp-json\/wp\/v2\/media\/103120"}],"wp:attachment":[{"href":"https:\/\/blogdoedvaldomagalhaes.com.br\/index.php\/wp-json\/wp\/v2\/media?parent=103119"}],"wp:term":[{"taxonomy":"category","embeddable":true,"href":"https:\/\/blogdoedvaldomagalhaes.com.br\/index.php\/wp-json\/wp\/v2\/categories?post=103119"},{"taxonomy":"post_tag","embeddable":true,"href":"https:\/\/blogdoedvaldomagalhaes.com.br\/index.php\/wp-json\/wp\/v2\/tags?post=103119"}],"curies":[{"name":"wp","href":"https:\/\/api.w.org\/{rel}","templated":true}]}}