{"id":103110,"date":"2023-11-24T16:30:27","date_gmt":"2023-11-24T19:30:27","guid":{"rendered":"https:\/\/blogdoedvaldomagalhaes.com.br\/?p=103110"},"modified":"2023-11-24T16:30:28","modified_gmt":"2023-11-24T19:30:28","slug":"festival-musicaruaru-tem-ultimo-fim-de-semana-com-atracoes-no-mercado-cultural-casa-rosa","status":"publish","type":"post","link":"https:\/\/blogdoedvaldomagalhaes.com.br\/index.php\/2023\/11\/24\/festival-musicaruaru-tem-ultimo-fim-de-semana-com-atracoes-no-mercado-cultural-casa-rosa\/","title":{"rendered":"Festival MusiCaruaru tem \u00faltimo fim de semana com atra\u00e7\u00f5es no Mercado Cultural Casa Rosa"},"content":{"rendered":"<p>O \u00faltimo fim de semana do Festival MusiCaruaru ir\u00e1 movimentar o Mercado Cultural Casa Rosa. O local, que al\u00e9m de ser um ponto de concentra\u00e7\u00e3o da cultura, disp\u00f5e de um ambiente amplo, com excelente estrutura f\u00edsica e espa\u00e7o infantil.<\/p>\n<p>Localizado no Parque 18 de Maio, no cora\u00e7\u00e3o da feira de Caruaru, seu funcionamento e programa\u00e7\u00e3o musical acontece nos s\u00e1bados, domingos e feriados, \u00a0das 11h \u00e0s 17h30. O mercado conta hoje com 12 estabelecimentos, com servi\u00e7os variados como: cacha\u00e7aria, cozinha t\u00edpica, tapiocaria, boteco tradicional, petiscaria, al\u00e9m de espa\u00e7os multifuncionais.<\/p>\n<p>*Confira a programa\u00e7\u00e3o para este fim de semana:*<\/p>\n<p>S\u00e1bado \u2013 25 de novembro<br \/>\n13h \u2013 Nerilson Buscap\u00e9<br \/>\n15h \u2013 Martins<\/p>\n<p>Domingo \u2013 26 de novembro<br \/>\n13h \u2013 Renilda Cardoso<br \/>\n15h \u2013 George Silva.<\/p>\n<p>Siga o Instagram do Blog para comentar @blogdoedvaldomagalhaed<br \/>\nSe inscreva no canal do Blog no You Tube<\/p>\n","protected":false},"excerpt":{"rendered":"<p>O \u00faltimo fim de semana do Festival MusiCaruaru ir\u00e1 movimentar o Mercado Cultural Casa Rosa. O local, que al\u00e9m de&hellip;<\/p>\n","protected":false},"author":1,"featured_media":103111,"comment_status":"closed","ping_status":"open","sticky":false,"template":"","format":"standard","meta":{"footnotes":""},"categories":[14120],"tags":[28803,2,19430,3406,29193],"class_list":["post-103110","post","type-post","status-publish","format-standard","has-post-thumbnail","hentry","category-noticias","tag-blog-com-mais-visualizacoes","tag-blog-do-edvaldo-magalhaes","tag-blog-mais-acessado-de-caruaru","tag-caruaru","tag-festival-musicaruaru-tem-ultimo-fim-de-semana-com-atracoes-no-mercado-cultural-casa-rosa"],"_links":{"self":[{"href":"https:\/\/blogdoedvaldomagalhaes.com.br\/index.php\/wp-json\/wp\/v2\/posts\/103110","targetHints":{"allow":["GET"]}}],"collection":[{"href":"https:\/\/blogdoedvaldomagalhaes.com.br\/index.php\/wp-json\/wp\/v2\/posts"}],"about":[{"href":"https:\/\/blogdoedvaldomagalhaes.com.br\/index.php\/wp-json\/wp\/v2\/types\/post"}],"author":[{"embeddable":true,"href":"https:\/\/blogdoedvaldomagalhaes.com.br\/index.php\/wp-json\/wp\/v2\/users\/1"}],"replies":[{"embeddable":true,"href":"https:\/\/blogdoedvaldomagalhaes.com.br\/index.php\/wp-json\/wp\/v2\/comments?post=103110"}],"version-history":[{"count":1,"href":"https:\/\/blogdoedvaldomagalhaes.com.br\/index.php\/wp-json\/wp\/v2\/posts\/103110\/revisions"}],"predecessor-version":[{"id":103112,"href":"https:\/\/blogdoedvaldomagalhaes.com.br\/index.php\/wp-json\/wp\/v2\/posts\/103110\/revisions\/103112"}],"wp:featuredmedia":[{"embeddable":true,"href":"https:\/\/blogdoedvaldomagalhaes.com.br\/index.php\/wp-json\/wp\/v2\/media\/103111"}],"wp:attachment":[{"href":"https:\/\/blogdoedvaldomagalhaes.com.br\/index.php\/wp-json\/wp\/v2\/media?parent=103110"}],"wp:term":[{"taxonomy":"category","embeddable":true,"href":"https:\/\/blogdoedvaldomagalhaes.com.br\/index.php\/wp-json\/wp\/v2\/categories?post=103110"},{"taxonomy":"post_tag","embeddable":true,"href":"https:\/\/blogdoedvaldomagalhaes.com.br\/index.php\/wp-json\/wp\/v2\/tags?post=103110"}],"curies":[{"name":"wp","href":"https:\/\/api.w.org\/{rel}","templated":true}]}}