{"id":103107,"date":"2023-11-24T10:49:47","date_gmt":"2023-11-24T13:49:47","guid":{"rendered":"https:\/\/blogdoedvaldomagalhaes.com.br\/?p=103107"},"modified":"2023-11-24T10:49:48","modified_gmt":"2023-11-24T13:49:48","slug":"prf-apreende-quase-1-tonelada-de-queijo-sem-refrigeracao-na-br-232","status":"publish","type":"post","link":"https:\/\/blogdoedvaldomagalhaes.com.br\/index.php\/2023\/11\/24\/prf-apreende-quase-1-tonelada-de-queijo-sem-refrigeracao-na-br-232\/","title":{"rendered":"PRF apreende quase 1 tonelada de queijo sem refrigera\u00e7\u00e3o na BR 232"},"content":{"rendered":"<p>Um total de 900 Kg de queijo coalho que era transportado sem a devida refrigera\u00e7\u00e3o foi apreendido pela Pol\u00edcia Rodovi\u00e1ria Federal (PRF), em S\u00e3o Caitano\/PE, nessa quinta-feira (23). A mercadoria era transportada nas ca\u00e7ambas de duas caminhonetes abordadas na BR 232.<\/p>\n<p>Durante a abordagem, foi verificado que as c\u00e2maras refrigeradas das caminhonetes estavam desligadas. O queijo estava acondicionado em caixas pl\u00e1sticas e sem qualquer embalagem.<\/p>\n<p>Os motoristas n\u00e3o possu\u00edam qualquer tipo de documento fiscal que comprovasse a origem da mercadoria. Eles informaram ter comprado o produto na cidade de Cachoeirinha para revender em Caruaru.<\/p>\n<p>Diante da situa\u00e7\u00e3o, os policiais acionaram a equipe da Ag\u00eancia de Defesa e Fiscaliza\u00e7\u00e3o Agropecu\u00e1ria de Pernambuco (Adagro), para realiza\u00e7\u00e3o dos procedimentos cab\u00edveis. Foto: Divulga\u00e7\u00e3o\/PRF<\/p>\n<p>Siga o Instagram do Blog para comentar @blogdoedvaldomagalhaes<br \/>\nSe inscreva no canal do Blog no You Tube<\/p>\n","protected":false},"excerpt":{"rendered":"<p>Um total de 900 Kg de queijo coalho que era transportado sem a devida refrigera\u00e7\u00e3o foi apreendido pela Pol\u00edcia Rodovi\u00e1ria&hellip;<\/p>\n","protected":false},"author":1,"featured_media":103108,"comment_status":"closed","ping_status":"open","sticky":false,"template":"","format":"standard","meta":{"footnotes":""},"categories":[14121],"tags":[28803,2,28801,3406,29192],"class_list":["post-103107","post","type-post","status-publish","format-standard","has-post-thumbnail","hentry","category-policial","tag-blog-com-mais-visualizacoes","tag-blog-do-edvaldo-magalhaes","tag-blog-mais-acessado","tag-caruaru","tag-prf-apreende-quase-1-tonelada-de-queijo-sem-refrigeracao-na-br-232"],"_links":{"self":[{"href":"https:\/\/blogdoedvaldomagalhaes.com.br\/index.php\/wp-json\/wp\/v2\/posts\/103107","targetHints":{"allow":["GET"]}}],"collection":[{"href":"https:\/\/blogdoedvaldomagalhaes.com.br\/index.php\/wp-json\/wp\/v2\/posts"}],"about":[{"href":"https:\/\/blogdoedvaldomagalhaes.com.br\/index.php\/wp-json\/wp\/v2\/types\/post"}],"author":[{"embeddable":true,"href":"https:\/\/blogdoedvaldomagalhaes.com.br\/index.php\/wp-json\/wp\/v2\/users\/1"}],"replies":[{"embeddable":true,"href":"https:\/\/blogdoedvaldomagalhaes.com.br\/index.php\/wp-json\/wp\/v2\/comments?post=103107"}],"version-history":[{"count":1,"href":"https:\/\/blogdoedvaldomagalhaes.com.br\/index.php\/wp-json\/wp\/v2\/posts\/103107\/revisions"}],"predecessor-version":[{"id":103109,"href":"https:\/\/blogdoedvaldomagalhaes.com.br\/index.php\/wp-json\/wp\/v2\/posts\/103107\/revisions\/103109"}],"wp:featuredmedia":[{"embeddable":true,"href":"https:\/\/blogdoedvaldomagalhaes.com.br\/index.php\/wp-json\/wp\/v2\/media\/103108"}],"wp:attachment":[{"href":"https:\/\/blogdoedvaldomagalhaes.com.br\/index.php\/wp-json\/wp\/v2\/media?parent=103107"}],"wp:term":[{"taxonomy":"category","embeddable":true,"href":"https:\/\/blogdoedvaldomagalhaes.com.br\/index.php\/wp-json\/wp\/v2\/categories?post=103107"},{"taxonomy":"post_tag","embeddable":true,"href":"https:\/\/blogdoedvaldomagalhaes.com.br\/index.php\/wp-json\/wp\/v2\/tags?post=103107"}],"curies":[{"name":"wp","href":"https:\/\/api.w.org\/{rel}","templated":true}]}}