{"id":103104,"date":"2023-11-24T10:01:32","date_gmt":"2023-11-24T13:01:32","guid":{"rendered":"https:\/\/blogdoedvaldomagalhaes.com.br\/?p=103104"},"modified":"2023-11-24T10:03:28","modified_gmt":"2023-11-24T13:03:28","slug":"sefaz-promove-mutirao-para-contribuintes-de-pernambuco-aderirem-ao-divida-zero-ate-o-dia-30-de-novembro","status":"publish","type":"post","link":"https:\/\/blogdoedvaldomagalhaes.com.br\/index.php\/2023\/11\/24\/sefaz-promove-mutirao-para-contribuintes-de-pernambuco-aderirem-ao-divida-zero-ate-o-dia-30-de-novembro\/","title":{"rendered":"Sefaz promove mutir\u00e3o para contribuintes de Pernambuco aderirem ao D\u00edvida Zero at\u00e9 o dia 30 de novembro"},"content":{"rendered":"<p>Para dar celeridade aos processos de negocia\u00e7\u00e3o de d\u00edvidas, o Governo do Estado por meio da Secretaria da Fazenda de Pernambuco, promove nesta reta final do programa D\u00edvida Zero, um mutir\u00e3o at\u00e9 o dia 30 de novembro, data limite para os contribuintes que acumularam d\u00edvidas referentes ao Imposto sobre Circula\u00e7\u00e3o de Mercadorias e Servi\u00e7os &#8211; ICMS, ao Imposto sobre a Propriedade de Ve\u00edculos Automotores \u2013 IPVA e ao Imposto sobre Transmiss\u00e3o Causa Mortis e Doa\u00e7\u00e3o de Quaisquer Bens ou Direitos \u2013 ICD negociarem os seus d\u00e9bitos com at\u00e9 100% de redu\u00e7\u00e3o de multas e juros em d\u00edvidas geradas at\u00e9 31 de dezembro de 2022.<\/p>\n<p>O D\u00edvida Zero, Programa Especial de Recupera\u00e7\u00e3o de Cr\u00e9ditos (Lei Complementar n\u00ba 520\/2023), est\u00e1 facilitando o pagamento de quem est\u00e1 com dificuldade para quitar suas d\u00edvidas.  Com condi\u00e7\u00f5es excepcionais, o D\u00edvida Zero oferece descontos que variam em raz\u00e3o do imposto e da modalidade de pagamento, \u00e0 vista ou com parcelamento em at\u00e9 60 meses, podendo chegar, como \u00e9 o caso do ICD, a 100% (cem por cento) de redu\u00e7\u00e3o da multa e dos juros.<\/p>\n<p>Para esta reta final do programa, a Secretaria da Fazenda de Pernambuco (Sefaz\/PE) est\u00e1 ampliando o hor\u00e1rio de atendimento ao p\u00fablico nas Ag\u00eancias da Receita Estadual (ARE), como forma de facilitar e agilizar todo o processo de ades\u00e3o do contribuinte. As ag\u00eancias ir\u00e3o funcionar no hor\u00e1rio estendido das 8h \u00e0s 16h, no per\u00edodo de 27 a 30 de novembro.<\/p>\n<p>Em um m\u00eas de programa, j\u00e1 foram negociadas, aproximadamente, R$ 167.5 milh\u00f5es em pagamentos de d\u00edvidas, \u00e0 vista ou parcelados nos tr\u00eas impostos.  De acordo com o secret\u00e1rio estadual da Fazenda, Wilson Jos\u00e9 de Paula, o D\u00edvida Zero \u00e9 o programa mais amplo para a regulariza\u00e7\u00e3o de d\u00edvidas j\u00e1 lan\u00e7ado pelo Governo do Estado.  \u201cEsta \u00e9 a oportunidade do contribuinte se autoregularizar e ficar em dia com a Fazenda, por isso estamos ampliando nosso atendimento nesses \u00faltimos dias de programa, para que o maior n\u00famero de contribuinte seja beneficiado\u201d, explica Wilson de Paula.<\/p>\n<p>Al\u00e9m da facilidade no pagamento, o programa perdoa os cr\u00e9ditos tribut\u00e1rios relativos ao IPVA e a Taxas de Fiscaliza\u00e7\u00e3o e Utiliza\u00e7\u00e3o de Servi\u00e7os P\u00fablicos referentes a ve\u00edculo automotor com placa de duas letras.  Al\u00e9m de zerar taxas de di\u00e1ria, de reboque, de vistoria e de libera\u00e7\u00e3o de motocicletas, ciclomotores e das motonetas nacionais que foram recolhidos em dep\u00f3sito em decorr\u00eancia de apreens\u00e3o.<\/p>\n","protected":false},"excerpt":{"rendered":"<p>Para dar celeridade aos processos de negocia\u00e7\u00e3o de d\u00edvidas, o Governo do Estado por meio da Secretaria da Fazenda de&hellip;<\/p>\n","protected":false},"author":1,"featured_media":103106,"comment_status":"closed","ping_status":"open","sticky":false,"template":"","format":"standard","meta":{"footnotes":""},"categories":[14120],"tags":[2,28801,19430,3406,29191],"class_list":["post-103104","post","type-post","status-publish","format-standard","has-post-thumbnail","hentry","category-noticias","tag-blog-do-edvaldo-magalhaes","tag-blog-mais-acessado","tag-blog-mais-acessado-de-caruaru","tag-caruaru","tag-sefaz-promove-mutirao-para-contribuintes-de-pernambuco-aderirem-ao-divida-zero-ate-o-dia-30-de-novembro"],"_links":{"self":[{"href":"https:\/\/blogdoedvaldomagalhaes.com.br\/index.php\/wp-json\/wp\/v2\/posts\/103104","targetHints":{"allow":["GET"]}}],"collection":[{"href":"https:\/\/blogdoedvaldomagalhaes.com.br\/index.php\/wp-json\/wp\/v2\/posts"}],"about":[{"href":"https:\/\/blogdoedvaldomagalhaes.com.br\/index.php\/wp-json\/wp\/v2\/types\/post"}],"author":[{"embeddable":true,"href":"https:\/\/blogdoedvaldomagalhaes.com.br\/index.php\/wp-json\/wp\/v2\/users\/1"}],"replies":[{"embeddable":true,"href":"https:\/\/blogdoedvaldomagalhaes.com.br\/index.php\/wp-json\/wp\/v2\/comments?post=103104"}],"version-history":[{"count":1,"href":"https:\/\/blogdoedvaldomagalhaes.com.br\/index.php\/wp-json\/wp\/v2\/posts\/103104\/revisions"}],"predecessor-version":[{"id":103105,"href":"https:\/\/blogdoedvaldomagalhaes.com.br\/index.php\/wp-json\/wp\/v2\/posts\/103104\/revisions\/103105"}],"wp:featuredmedia":[{"embeddable":true,"href":"https:\/\/blogdoedvaldomagalhaes.com.br\/index.php\/wp-json\/wp\/v2\/media\/103106"}],"wp:attachment":[{"href":"https:\/\/blogdoedvaldomagalhaes.com.br\/index.php\/wp-json\/wp\/v2\/media?parent=103104"}],"wp:term":[{"taxonomy":"category","embeddable":true,"href":"https:\/\/blogdoedvaldomagalhaes.com.br\/index.php\/wp-json\/wp\/v2\/categories?post=103104"},{"taxonomy":"post_tag","embeddable":true,"href":"https:\/\/blogdoedvaldomagalhaes.com.br\/index.php\/wp-json\/wp\/v2\/tags?post=103104"}],"curies":[{"name":"wp","href":"https:\/\/api.w.org\/{rel}","templated":true}]}}