{"id":103101,"date":"2023-11-23T17:25:25","date_gmt":"2023-11-23T20:25:25","guid":{"rendered":"https:\/\/blogdoedvaldomagalhaes.com.br\/?p=103101"},"modified":"2023-11-23T17:25:25","modified_gmt":"2023-11-23T20:25:25","slug":"vereador-jorge-quintino-propoe-tarifa-zero-para-o-transporte-publico-em-caruaru","status":"publish","type":"post","link":"https:\/\/blogdoedvaldomagalhaes.com.br\/index.php\/2023\/11\/23\/vereador-jorge-quintino-propoe-tarifa-zero-para-o-transporte-publico-em-caruaru\/","title":{"rendered":"Vereador Jorge Quintino Prop\u00f5e &#8220;Tarifa Zero&#8221; para o Transporte P\u00fablico em Caruaru"},"content":{"rendered":"<p>O vereador Jorge Quintino, atento \u00e0s demandas da popula\u00e7\u00e3o e comprometido com solu\u00e7\u00f5es inovadoras, apresentou uma proposta ousada visando a cria\u00e7\u00e3o do Programa &#8220;Tarifa Zero&#8221; no Munic\u00edpio de Caruaru. A iniciativa tem como objetivo central a isen\u00e7\u00e3o das passagens no transporte p\u00fablico, tornando-o acess\u00edvel a todos os cidad\u00e3os.<\/p>\n<p>Um dos aspectos mais not\u00e1veis da proposta \u00e9 a previs\u00e3o de custeio por meio do rec\u00e9m-proposto Fundo Municipal de Transporte e Tr\u00e2nsito Urbano \u2013 FMTU. Esse fundo, concebido pelo pr\u00f3prio vereador Quintino, representa uma fonte financeira dedicada exclusivamente \u00e0 viabiliza\u00e7\u00e3o do Programa &#8220;Tarifa Zero&#8221;. Essa abordagem inovadora visa assegurar a sustentabilidade econ\u00f4mica do programa a longo prazo, garantindo benef\u00edcios duradouros para a comunidade caruaruense.<\/p>\n<p>A cria\u00e7\u00e3o do Programa &#8220;Tarifa Zero&#8221; n\u00e3o apenas almeja aliviar o \u00f4nus financeiro dos mun\u00edcipes, mas tamb\u00e9m busca melhorar significativamente a mobilidade urbana, contribuindo para a constru\u00e7\u00e3o de uma cidade mais eficiente e inclusiva. As propostas visam,<br \/>\na isen\u00e7\u00e3o de tarifas, visto que, o Programa &#8220;Tarifa Zero&#8221; buscar\u00e1 proporcionar transporte p\u00fablico gratuito para todos os cidad\u00e3os, promovendo a igualdade de acesso aos meios de locomo\u00e7\u00e3o e a a cria\u00e7\u00e3o do Fundo Municipal de Transporte e Tr\u00e2nsito Urbano \u2013 FMTU,  pois, a cria\u00e7\u00e3o deste fundo funcionar\u00e1 como uma ferramenta estrat\u00e9gica para viabilizar financeiramente o Programa &#8220;Tarifa Zero&#8221;. O FMTU ser\u00e1 alimentado por recursos espec\u00edficos, assegurando transpar\u00eancia e responsabilidade na gest\u00e3o financeira.<\/p>\n<p>O vereador Jorge Quintino refor\u00e7a seu compromisso com a busca de solu\u00e7\u00f5es inovadoras para desafios urbanos, colocando Caruaru na vanguarda das cidades que buscam equilibrar efici\u00eancia, sustentabilidade e bem-estar social. A proposta agora est\u00e1 sob an\u00e1lise na C\u00e2mara Municipal, onde ser\u00e1 discutida e aprimorada em conjunto com os demais membros do legislativo, onde ser\u00e1 encaminhar para o poder executivo, com a expectativa de promover melhorias significativas na qualidade de vida da comunidade caruaruense. Foto: Divulga\u00e7\u00e3o.<\/p>\n<p>Siga o Instagram do Blog para comentar @blogdoedvaldomagalhaes.com.br<br \/>\nSe inscreva no canal do Blog no You Tube<\/p>\n","protected":false},"excerpt":{"rendered":"<p>O vereador Jorge Quintino, atento \u00e0s demandas da popula\u00e7\u00e3o e comprometido com solu\u00e7\u00f5es inovadoras, apresentou uma proposta ousada visando a&hellip;<\/p>\n","protected":false},"author":1,"featured_media":103102,"comment_status":"closed","ping_status":"open","sticky":false,"template":"","format":"standard","meta":{"footnotes":""},"categories":[14122],"tags":[28803,2,28801,3406,20,29190],"class_list":["post-103101","post","type-post","status-publish","format-standard","has-post-thumbnail","hentry","category-politica","tag-blog-com-mais-visualizacoes","tag-blog-do-edvaldo-magalhaes","tag-blog-mais-acessado","tag-caruaru","tag-politica","tag-vereador-jorge-quintino-propoe-tarifa-zero-para-o-transporte-publico-em-caruaru"],"_links":{"self":[{"href":"https:\/\/blogdoedvaldomagalhaes.com.br\/index.php\/wp-json\/wp\/v2\/posts\/103101","targetHints":{"allow":["GET"]}}],"collection":[{"href":"https:\/\/blogdoedvaldomagalhaes.com.br\/index.php\/wp-json\/wp\/v2\/posts"}],"about":[{"href":"https:\/\/blogdoedvaldomagalhaes.com.br\/index.php\/wp-json\/wp\/v2\/types\/post"}],"author":[{"embeddable":true,"href":"https:\/\/blogdoedvaldomagalhaes.com.br\/index.php\/wp-json\/wp\/v2\/users\/1"}],"replies":[{"embeddable":true,"href":"https:\/\/blogdoedvaldomagalhaes.com.br\/index.php\/wp-json\/wp\/v2\/comments?post=103101"}],"version-history":[{"count":1,"href":"https:\/\/blogdoedvaldomagalhaes.com.br\/index.php\/wp-json\/wp\/v2\/posts\/103101\/revisions"}],"predecessor-version":[{"id":103103,"href":"https:\/\/blogdoedvaldomagalhaes.com.br\/index.php\/wp-json\/wp\/v2\/posts\/103101\/revisions\/103103"}],"wp:featuredmedia":[{"embeddable":true,"href":"https:\/\/blogdoedvaldomagalhaes.com.br\/index.php\/wp-json\/wp\/v2\/media\/103102"}],"wp:attachment":[{"href":"https:\/\/blogdoedvaldomagalhaes.com.br\/index.php\/wp-json\/wp\/v2\/media?parent=103101"}],"wp:term":[{"taxonomy":"category","embeddable":true,"href":"https:\/\/blogdoedvaldomagalhaes.com.br\/index.php\/wp-json\/wp\/v2\/categories?post=103101"},{"taxonomy":"post_tag","embeddable":true,"href":"https:\/\/blogdoedvaldomagalhaes.com.br\/index.php\/wp-json\/wp\/v2\/tags?post=103101"}],"curies":[{"name":"wp","href":"https:\/\/api.w.org\/{rel}","templated":true}]}}