{"id":103098,"date":"2023-11-23T17:20:12","date_gmt":"2023-11-23T20:20:12","guid":{"rendered":"https:\/\/blogdoedvaldomagalhaes.com.br\/?p=103098"},"modified":"2023-11-23T17:20:12","modified_gmt":"2023-11-23T20:20:12","slug":"anderson-correia-comemora-solicitacao-atendida-sobre-caruaru-ser-contemplada-com-quase-mil-casas-populares","status":"publish","type":"post","link":"https:\/\/blogdoedvaldomagalhaes.com.br\/index.php\/2023\/11\/23\/anderson-correia-comemora-solicitacao-atendida-sobre-caruaru-ser-contemplada-com-quase-mil-casas-populares\/","title":{"rendered":"Anderson Correia comemora solicita\u00e7\u00e3o atendida sobre Caruaru ser contemplada com quase mil casas populares"},"content":{"rendered":"<p>O vereador Anderson Correia (PP) comemorou a contempla\u00e7\u00e3o de Caruaru com quase mil unidades habitacionais que foram aprovadas no edital do programa Minha Casa, Minha Vida, atrav\u00e9s do Fundo de Arrendamento Residencial (FAR), que \u00e9 destinado \u00e0 habita\u00e7\u00e3o de interesse social. Essa pauta faz parte de um pedido do parlamentar, que havia solicitado, por meio de um requerimento (n\u00ba 2380 de 2023) em seu gabinete, o \u201cPrograma Caruaruense de Casa Pr\u00f3pria\u201d, com o objetivo de fornecer casas populares para a popula\u00e7\u00e3o baixa renda de Caruaru.<\/p>\n<p>Diante da informa\u00e7\u00e3o de que a popula\u00e7\u00e3o que mais precisa de um lar na Capital do Agreste ser\u00e1 contemplada com este sonho da casa pr\u00f3pria, o edil festejou e ressaltou que este tamb\u00e9m \u00e9 um sonho que faz parte do seu mandato, al\u00e9m de enfatizar a import\u00e2ncia da articula\u00e7\u00e3o do prefeito Rodrigo Pinheiro para essa conquista.<\/p>\n<p>\u201cO nosso mandato \u00e9 do povo e para o povo. N\u00f3s sonhamos junto com a popula\u00e7\u00e3o, principalmente com os mais necessitados. Sabemos que ter um lar, uma casa pr\u00f3pria, \u00e9 o sonho de todo brasileiro, por isso colocamos essa pauta entre as tantas que temos em prol das pessoas que lutam diariamente para poder conquistar a sua. Ver a cidade se enquadrar no programa, \u00e9 uma consequ\u00eancia das articula\u00e7\u00f5es que o prefeito Rodrigo Pinheiro vem mantendo em Bras\u00edlia, e tamb\u00e9m, ao nosso requerimento. Estou muito feliz por saber que teremos quase mil lares para as fam\u00edlias de Caruaru que ter\u00e3o uma vida mais digna. \u00c9 algo que nos realiza e nos faz ver que estamos no caminho certo na luta por todos\u201d, destacou Anderson.<\/p>\n<p>Siga o Instagram do Blog para comentar @blogdoedvaldomagalhaes<br \/>\nSe inscreva no canal do Blog no You Tube<\/p>\n","protected":false},"excerpt":{"rendered":"<p>O vereador Anderson Correia (PP) comemorou a contempla\u00e7\u00e3o de Caruaru com quase mil unidades habitacionais que foram aprovadas no edital&hellip;<\/p>\n","protected":false},"author":1,"featured_media":103099,"comment_status":"closed","ping_status":"open","sticky":false,"template":"","format":"standard","meta":{"footnotes":""},"categories":[14122],"tags":[29189,28925,2,19430,3406,20],"class_list":["post-103098","post","type-post","status-publish","format-standard","has-post-thumbnail","hentry","category-politica","tag-anderson-correia-comemora-solicitacao-atendida-sobre-caruaru-ser-contemplada-com-quase-mil-casas-populares","tag-blog-comamos-visualizacoes","tag-blog-do-edvaldo-magalhaes","tag-blog-mais-acessado-de-caruaru","tag-caruaru","tag-politica"],"_links":{"self":[{"href":"https:\/\/blogdoedvaldomagalhaes.com.br\/index.php\/wp-json\/wp\/v2\/posts\/103098","targetHints":{"allow":["GET"]}}],"collection":[{"href":"https:\/\/blogdoedvaldomagalhaes.com.br\/index.php\/wp-json\/wp\/v2\/posts"}],"about":[{"href":"https:\/\/blogdoedvaldomagalhaes.com.br\/index.php\/wp-json\/wp\/v2\/types\/post"}],"author":[{"embeddable":true,"href":"https:\/\/blogdoedvaldomagalhaes.com.br\/index.php\/wp-json\/wp\/v2\/users\/1"}],"replies":[{"embeddable":true,"href":"https:\/\/blogdoedvaldomagalhaes.com.br\/index.php\/wp-json\/wp\/v2\/comments?post=103098"}],"version-history":[{"count":1,"href":"https:\/\/blogdoedvaldomagalhaes.com.br\/index.php\/wp-json\/wp\/v2\/posts\/103098\/revisions"}],"predecessor-version":[{"id":103100,"href":"https:\/\/blogdoedvaldomagalhaes.com.br\/index.php\/wp-json\/wp\/v2\/posts\/103098\/revisions\/103100"}],"wp:featuredmedia":[{"embeddable":true,"href":"https:\/\/blogdoedvaldomagalhaes.com.br\/index.php\/wp-json\/wp\/v2\/media\/103099"}],"wp:attachment":[{"href":"https:\/\/blogdoedvaldomagalhaes.com.br\/index.php\/wp-json\/wp\/v2\/media?parent=103098"}],"wp:term":[{"taxonomy":"category","embeddable":true,"href":"https:\/\/blogdoedvaldomagalhaes.com.br\/index.php\/wp-json\/wp\/v2\/categories?post=103098"},{"taxonomy":"post_tag","embeddable":true,"href":"https:\/\/blogdoedvaldomagalhaes.com.br\/index.php\/wp-json\/wp\/v2\/tags?post=103098"}],"curies":[{"name":"wp","href":"https:\/\/api.w.org\/{rel}","templated":true}]}}