{"id":103095,"date":"2023-11-23T10:10:45","date_gmt":"2023-11-23T13:10:45","guid":{"rendered":"https:\/\/blogdoedvaldomagalhaes.com.br\/?p=103095"},"modified":"2023-11-23T10:10:46","modified_gmt":"2023-11-23T13:10:46","slug":"novembro-azul-secretaria-de-saude-de-caruaru-promove-dia-d-no-marco-zero-da-cidade","status":"publish","type":"post","link":"https:\/\/blogdoedvaldomagalhaes.com.br\/index.php\/2023\/11\/23\/novembro-azul-secretaria-de-saude-de-caruaru-promove-dia-d-no-marco-zero-da-cidade\/","title":{"rendered":"Novembro Azul \u2013 Secretaria de Sa\u00fade de Caruaru promove \u201cDia D\u201d no Marco Zero da cidade"},"content":{"rendered":"<p>A Prefeitura de Caruaru, por meio da Coordena\u00e7\u00e3o de Pol\u00edticas Estrat\u00e9gicas da Secretaria de Sa\u00fade (SMS), promove, nesta sexta (24), o \u201cDia D\u201d da Sa\u00fade do Homem. A a\u00e7\u00e3o \u00e9 alusiva ao Novembro Azul, uma campanha de conscientiza\u00e7\u00e3o sobre a sa\u00fade do homem, com foco na preven\u00e7\u00e3o e diagn\u00f3stico precoce do c\u00e2ncer de pr\u00f3stata, e ser\u00e1 pontuada com uma manh\u00e3 de atendimentos e cuidados para o p\u00fablico masculino no Marco Zero da cidade, das 09h \u00e0s 12h.<\/p>\n<p>Diversos servi\u00e7os ser\u00e3o oferecidos, como atendimentos jur\u00eddico, odontol\u00f3gico, nutricional e psicol\u00f3gico; al\u00e9m de vacina\u00e7\u00e3o, exame bioqu\u00edmico, avalia\u00e7\u00e3o corporal, zumba, avalia\u00e7\u00e3o oftalmol\u00f3gica, orienta\u00e7\u00e3o social e pr\u00e1ticas integrativas de auriculoterapia e ventosaterapia.<\/p>\n<p>\u201cO \u2018Dia D\u2019 \u00e9 uma oportunidade de conseguirmos ampliar a sensibiliza\u00e7\u00e3o para toda a popula\u00e7\u00e3o caruaruense. Todos os servi\u00e7os ofertados foram pensados para dar visibilidade \u00e0 promo\u00e7\u00e3o de sa\u00fade e da import\u00e2ncia de se cuidar\u201d, destacou o coordenador de Pol\u00edticas Estrat\u00e9gicas da SMS, Helison Ferreira.<\/p>\n<p>*Servi\u00e7o:*<\/p>\n<p>. Evento: \u201cDia D\u201d da Sa\u00fade do Homem<br \/>\n. Dia: 24.11.2023 (sexta)<br \/>\n. Hora: 09h \u00e0s 12h<br \/>\n. Local: Marco Zero de Caruaru<br \/>\n. O que vai ser: Uma manh\u00e3 de atendimentos e cuidados para o p\u00fablico masculino no Marco Zero da cidade.<\/p>\n<p>Siga o Instagram do Blog para comentar @blogdoedvaldomagalhaes<br \/>\nSe inscreva no canal do Blog no You Tube<\/p>\n","protected":false},"excerpt":{"rendered":"<p>A Prefeitura de Caruaru, por meio da Coordena\u00e7\u00e3o de Pol\u00edticas Estrat\u00e9gicas da Secretaria de Sa\u00fade (SMS), promove, nesta sexta (24),&hellip;<\/p>\n","protected":false},"author":1,"featured_media":103096,"comment_status":"closed","ping_status":"open","sticky":false,"template":"","format":"standard","meta":{"footnotes":""},"categories":[14120],"tags":[28803,2,28801,3406,29188],"class_list":["post-103095","post","type-post","status-publish","format-standard","has-post-thumbnail","hentry","category-noticias","tag-blog-com-mais-visualizacoes","tag-blog-do-edvaldo-magalhaes","tag-blog-mais-acessado","tag-caruaru","tag-novembro-azul-secretaria-de-saude-de-caruaru-promove-dia-d-no-marco-zero-da-cidade"],"_links":{"self":[{"href":"https:\/\/blogdoedvaldomagalhaes.com.br\/index.php\/wp-json\/wp\/v2\/posts\/103095","targetHints":{"allow":["GET"]}}],"collection":[{"href":"https:\/\/blogdoedvaldomagalhaes.com.br\/index.php\/wp-json\/wp\/v2\/posts"}],"about":[{"href":"https:\/\/blogdoedvaldomagalhaes.com.br\/index.php\/wp-json\/wp\/v2\/types\/post"}],"author":[{"embeddable":true,"href":"https:\/\/blogdoedvaldomagalhaes.com.br\/index.php\/wp-json\/wp\/v2\/users\/1"}],"replies":[{"embeddable":true,"href":"https:\/\/blogdoedvaldomagalhaes.com.br\/index.php\/wp-json\/wp\/v2\/comments?post=103095"}],"version-history":[{"count":1,"href":"https:\/\/blogdoedvaldomagalhaes.com.br\/index.php\/wp-json\/wp\/v2\/posts\/103095\/revisions"}],"predecessor-version":[{"id":103097,"href":"https:\/\/blogdoedvaldomagalhaes.com.br\/index.php\/wp-json\/wp\/v2\/posts\/103095\/revisions\/103097"}],"wp:featuredmedia":[{"embeddable":true,"href":"https:\/\/blogdoedvaldomagalhaes.com.br\/index.php\/wp-json\/wp\/v2\/media\/103096"}],"wp:attachment":[{"href":"https:\/\/blogdoedvaldomagalhaes.com.br\/index.php\/wp-json\/wp\/v2\/media?parent=103095"}],"wp:term":[{"taxonomy":"category","embeddable":true,"href":"https:\/\/blogdoedvaldomagalhaes.com.br\/index.php\/wp-json\/wp\/v2\/categories?post=103095"},{"taxonomy":"post_tag","embeddable":true,"href":"https:\/\/blogdoedvaldomagalhaes.com.br\/index.php\/wp-json\/wp\/v2\/tags?post=103095"}],"curies":[{"name":"wp","href":"https:\/\/api.w.org\/{rel}","templated":true}]}}