{"id":103091,"date":"2023-11-23T10:00:04","date_gmt":"2023-11-23T13:00:04","guid":{"rendered":"https:\/\/blogdoedvaldomagalhaes.com.br\/?p=103091"},"modified":"2023-11-23T10:01:22","modified_gmt":"2023-11-23T13:01:22","slug":"procon-caruaru-orienta-consumidores-sobre-o-black-friday","status":"publish","type":"post","link":"https:\/\/blogdoedvaldomagalhaes.com.br\/index.php\/2023\/11\/23\/procon-caruaru-orienta-consumidores-sobre-o-black-friday\/","title":{"rendered":"Procon Caruaru orienta consumidores sobre o Black Friday"},"content":{"rendered":"<p>O Procon Caruaru orienta consumidores em rela\u00e7\u00e3o \u00e0s promo\u00e7\u00f5es previstas para a pr\u00f3xima sexta-feira, dia da Black Friday. A Ger\u00eancia Municipal de Prote\u00e7\u00e3o e Defesa do Consumidor destacou alguns pontos que v\u00e3o auxiliar o consumidor durante as compras em lojas f\u00edsicas ou na internet.<\/p>\n<p>A Black Friday j\u00e1 se tornou um evento bastante popular no Brasil, com muitas lojas oferecendo descontos significativos em uma ampla variedade de produtos, desde eletr\u00f4nicos at\u00e9 roupas, m\u00f3veis e muito mais. \u00c9 um momento em que muitas pessoas aproveitam para fazer compras com pre\u00e7os reduzidos.<\/p>\n<p>O principal ponto que merece aten\u00e7\u00e3o do consumidor durante esse per\u00edodo de promo\u00e7\u00f5es  \u00e9 o planejamento. \u00c9 importante pesquisar dias antes ao evento para n\u00e3o ter surpresas com falsas promo\u00e7\u00f5es. \u00c9 necess\u00e1rio definir antecipadamente o que se deseja comprar, o quanto se pode gastar e evitar as compras por impulso para n\u00e3o apertar o or\u00e7amento. Al\u00e9m disso, o consumidor precisa ficar atento ao valor de frete, prazos de entrega, troca e devolu\u00e7\u00e3o de mercadoria.<\/p>\n<p>Sobre os cuidados com as compras em lojas virtuais, a orienta\u00e7\u00e3o \u00e9 que o consumidor verifique o site oficial, antes de realizar a compra. \u00c9 preciso ficar atento tamb\u00e9m a golpes por links falsos em redes sociais, que aparecem em forma de an\u00fancios de forte apelo atrativo, esse per\u00edodo do ano \u00e9 bem prop\u00edcio para esses golpes, geralmente exp\u00f5e o produto com pre\u00e7os abaixo dos praticados pelo mercado.<\/p>\n<p>Em Caruaru, o consumidor que se sentir lesado pode procurar o Procon e fazer o registro da ocorr\u00eancia atrav\u00e9s da plataforma Caruaru Digital ou pelo telefone (81) 3727-0289 e WhatsApp (81) 9 8384-5909. O Procon Caruaru funciona de segunda a sexta, das 8h \u00e0s 14h, na rua Floriano Peixoto, 147, Centro. Foto: Divulga\u00e7\u00e3o.<\/p>\n<p>Siga o Instagram do Blog para comentar @blogdoedvaldomagalhaes<br \/>\nSe inscreva no canal do Blog no You Tube<\/p>\n","protected":false},"excerpt":{"rendered":"<p>O Procon Caruaru orienta consumidores em rela\u00e7\u00e3o \u00e0s promo\u00e7\u00f5es previstas para a pr\u00f3xima sexta-feira, dia da Black Friday. A Ger\u00eancia&hellip;<\/p>\n","protected":false},"author":1,"featured_media":103093,"comment_status":"closed","ping_status":"open","sticky":false,"template":"","format":"standard","meta":{"footnotes":""},"categories":[14120],"tags":[28803,2,28801,3406,29187],"class_list":["post-103091","post","type-post","status-publish","format-standard","has-post-thumbnail","hentry","category-noticias","tag-blog-com-mais-visualizacoes","tag-blog-do-edvaldo-magalhaes","tag-blog-mais-acessado","tag-caruaru","tag-procon-caruaru-orienta-consumidores-sobre-o-black-friday"],"_links":{"self":[{"href":"https:\/\/blogdoedvaldomagalhaes.com.br\/index.php\/wp-json\/wp\/v2\/posts\/103091","targetHints":{"allow":["GET"]}}],"collection":[{"href":"https:\/\/blogdoedvaldomagalhaes.com.br\/index.php\/wp-json\/wp\/v2\/posts"}],"about":[{"href":"https:\/\/blogdoedvaldomagalhaes.com.br\/index.php\/wp-json\/wp\/v2\/types\/post"}],"author":[{"embeddable":true,"href":"https:\/\/blogdoedvaldomagalhaes.com.br\/index.php\/wp-json\/wp\/v2\/users\/1"}],"replies":[{"embeddable":true,"href":"https:\/\/blogdoedvaldomagalhaes.com.br\/index.php\/wp-json\/wp\/v2\/comments?post=103091"}],"version-history":[{"count":1,"href":"https:\/\/blogdoedvaldomagalhaes.com.br\/index.php\/wp-json\/wp\/v2\/posts\/103091\/revisions"}],"predecessor-version":[{"id":103092,"href":"https:\/\/blogdoedvaldomagalhaes.com.br\/index.php\/wp-json\/wp\/v2\/posts\/103091\/revisions\/103092"}],"wp:featuredmedia":[{"embeddable":true,"href":"https:\/\/blogdoedvaldomagalhaes.com.br\/index.php\/wp-json\/wp\/v2\/media\/103093"}],"wp:attachment":[{"href":"https:\/\/blogdoedvaldomagalhaes.com.br\/index.php\/wp-json\/wp\/v2\/media?parent=103091"}],"wp:term":[{"taxonomy":"category","embeddable":true,"href":"https:\/\/blogdoedvaldomagalhaes.com.br\/index.php\/wp-json\/wp\/v2\/categories?post=103091"},{"taxonomy":"post_tag","embeddable":true,"href":"https:\/\/blogdoedvaldomagalhaes.com.br\/index.php\/wp-json\/wp\/v2\/tags?post=103091"}],"curies":[{"name":"wp","href":"https:\/\/api.w.org\/{rel}","templated":true}]}}