{"id":103084,"date":"2023-11-23T09:38:49","date_gmt":"2023-11-23T12:38:49","guid":{"rendered":"https:\/\/blogdoedvaldomagalhaes.com.br\/?p=103084"},"modified":"2023-11-23T09:38:50","modified_gmt":"2023-11-23T12:38:50","slug":"programa-federal-de-capacitacao-a-guardas-municipais-contempla-caruaru","status":"publish","type":"post","link":"https:\/\/blogdoedvaldomagalhaes.com.br\/index.php\/2023\/11\/23\/programa-federal-de-capacitacao-a-guardas-municipais-contempla-caruaru\/","title":{"rendered":"Programa Federal de capacita\u00e7\u00e3o a guardas municipais contempla Caruaru"},"content":{"rendered":"<p>A Secretaria de Ordem P\u00fablica (Secop), segue sendo refer\u00eancia em seguran\u00e7a em Pernambuco. Gra\u00e7as a todo o investimento e planejamento neste setor, Caruaru foi contemplado com o Programa Nacional de Seguran\u00e7a P\u00fablica e Cidadania (Pronasci 2).<\/p>\n<p>O programa tem como objetivo capacitar, aprimorar, qualificar e valorizar os profissionais de seguran\u00e7a p\u00fablica da Capital do Forr\u00f3, os quais receber\u00e3o uma bolsa forma\u00e7\u00e3o no valor de R$900. Os cursos acontecer\u00e3o na modalidade presencial e a dist\u00e2ncia. Tecnologias aplicadas \u00e0 seguran\u00e7a p\u00fablica, introdu\u00e7\u00e3o \u00e0 atividade de intelig\u00eancia e preven\u00e7\u00e3o da viol\u00eancia s\u00e3o algumas das op\u00e7\u00f5es de qualifica\u00e7\u00e3o que poder\u00e3o ser escolhidas pelos guardas municipais.<\/p>\n<p>\u201cEsta \u00e9 mais uma grande conquista para os guardas municipais que, a partir de agora, receber\u00e3o esse suporte para fortalecer ainda mais as a\u00e7\u00f5es de seguran\u00e7a p\u00fablica, em Caruaru. A aprova\u00e7\u00e3o desse programa \u00e9 reflexo do nosso trabalho&#8221;, pontuou o secret\u00e1rio de Ordem P\u00fablica, Cel. Patr\u00edcio Filho.<\/p>\n<p>*Pronasci 2* &#8211; \u00c9 uma inciativa do Governo Federal que visa articular a\u00e7\u00f5es de seguran\u00e7a p\u00fablica para a preven\u00e7\u00e3o, controle e repress\u00e3o da criminalidade, estabelecendo pol\u00edticas sociais e a\u00e7\u00f5es de prote\u00e7\u00e3o, al\u00e9m de pol\u00edticas p\u00fablicas de seguran\u00e7a com foco em territ\u00f3rios vulner\u00e1veis.<br \/>\nFoto: Jorge Farias.<\/p>\n<p>Siga o Instagram do Blog @blogdoedvaldomagalhaes<br \/>\nSe inscreva no canal do Blog no You Tube<\/p>\n","protected":false},"excerpt":{"rendered":"<p>A Secretaria de Ordem P\u00fablica (Secop), segue sendo refer\u00eancia em seguran\u00e7a em Pernambuco. Gra\u00e7as a todo o investimento e planejamento&hellip;<\/p>\n","protected":false},"author":1,"featured_media":103085,"comment_status":"closed","ping_status":"open","sticky":false,"template":"","format":"standard","meta":{"footnotes":""},"categories":[14120],"tags":[28803,2,28801,3406,29186],"class_list":["post-103084","post","type-post","status-publish","format-standard","has-post-thumbnail","hentry","category-noticias","tag-blog-com-mais-visualizacoes","tag-blog-do-edvaldo-magalhaes","tag-blog-mais-acessado","tag-caruaru","tag-programa-federal-de-capacitacao-a-guardas-municipais-contempla-caruaru"],"_links":{"self":[{"href":"https:\/\/blogdoedvaldomagalhaes.com.br\/index.php\/wp-json\/wp\/v2\/posts\/103084","targetHints":{"allow":["GET"]}}],"collection":[{"href":"https:\/\/blogdoedvaldomagalhaes.com.br\/index.php\/wp-json\/wp\/v2\/posts"}],"about":[{"href":"https:\/\/blogdoedvaldomagalhaes.com.br\/index.php\/wp-json\/wp\/v2\/types\/post"}],"author":[{"embeddable":true,"href":"https:\/\/blogdoedvaldomagalhaes.com.br\/index.php\/wp-json\/wp\/v2\/users\/1"}],"replies":[{"embeddable":true,"href":"https:\/\/blogdoedvaldomagalhaes.com.br\/index.php\/wp-json\/wp\/v2\/comments?post=103084"}],"version-history":[{"count":1,"href":"https:\/\/blogdoedvaldomagalhaes.com.br\/index.php\/wp-json\/wp\/v2\/posts\/103084\/revisions"}],"predecessor-version":[{"id":103086,"href":"https:\/\/blogdoedvaldomagalhaes.com.br\/index.php\/wp-json\/wp\/v2\/posts\/103084\/revisions\/103086"}],"wp:featuredmedia":[{"embeddable":true,"href":"https:\/\/blogdoedvaldomagalhaes.com.br\/index.php\/wp-json\/wp\/v2\/media\/103085"}],"wp:attachment":[{"href":"https:\/\/blogdoedvaldomagalhaes.com.br\/index.php\/wp-json\/wp\/v2\/media?parent=103084"}],"wp:term":[{"taxonomy":"category","embeddable":true,"href":"https:\/\/blogdoedvaldomagalhaes.com.br\/index.php\/wp-json\/wp\/v2\/categories?post=103084"},{"taxonomy":"post_tag","embeddable":true,"href":"https:\/\/blogdoedvaldomagalhaes.com.br\/index.php\/wp-json\/wp\/v2\/tags?post=103084"}],"curies":[{"name":"wp","href":"https:\/\/api.w.org\/{rel}","templated":true}]}}