{"id":103080,"date":"2023-11-23T09:25:50","date_gmt":"2023-11-23T12:25:50","guid":{"rendered":"https:\/\/blogdoedvaldomagalhaes.com.br\/?p=103080"},"modified":"2023-11-23T09:25:52","modified_gmt":"2023-11-23T12:25:52","slug":"vi-forum-estadual-de-autogestao-e-autodefensoria-e-realizado-e-elege-novo-casal-de-autodefensores-de-pernambuco","status":"publish","type":"post","link":"https:\/\/blogdoedvaldomagalhaes.com.br\/index.php\/2023\/11\/23\/vi-forum-estadual-de-autogestao-e-autodefensoria-e-realizado-e-elege-novo-casal-de-autodefensores-de-pernambuco\/","title":{"rendered":"VI F\u00f3rum Estadual de Autogest\u00e3o e Autodefensoria \u00e9 realizado e elege novo casal de Autodefensores de Pernambuco"},"content":{"rendered":"<p><span style=\"font-size: revert;\">Ainda dentro da programa\u00e7\u00e3o do 2\u00ba Congresso das Apaes de Pernambuco aconteceu tamb\u00e9m o VI F\u00f3rum Estadual de Autogest\u00e3o e Autodefensoria. Na ocasi\u00e3o os autodefensores das Apaes de cada cidade se reuniram para realizar a elei\u00e7\u00e3o que definiu o casal de autodefensores que representar\u00e1 o estado. Na tarde da ter\u00e7a-feira, dia 21 de novembro aconteceu a elei\u00e7\u00e3o que foi conduzida pela procuradora jur\u00eddica das Apaes Nath\u00e1lia Santos e pelo assessor jur\u00eddico das Apaes, Gilvan Flor\u00eancio. Primeiro foi feita a elei\u00e7\u00e3o feminina, onde 08 Apaeanas se candidataram representando as cidades de Caruaru, Salgueiro, Serra Talhada, Mirandiba, Barra de Guabiraba, Agrestina, Recife e Cachoeirinha, sendo eleita a representante de Serra Talhada, Claudiana Freires da Silva, depois foi realizada a elei\u00e7\u00e3o masculina, com representantes das cidades de Garanhuns, Mirandiba, Petrolina, Agrestina, Recife, Serra Talhada, Barra de Guabiraba e Salgueiro, sendo eleito com 11 votos, Francisco Matos Al\u00e9m Felipe dos Santos.<\/span><\/p>\n<p>O casal ir\u00e1 representar a autodefensoria das Apaes de Pernambuco no tri\u00eanio 2024\/2026. O casal que ficou na supl\u00eancia foi Karen Gabriela Dias Rodrigues da Apae Agrestina e Lucas Levi dos Santos Silva, da Apae Garanhuns. A autodefensoria \u00e9 um movimento criado pelas Apaes em que os alunos t\u00eam espa\u00e7o para propor sugest\u00f5es visando \u00e0 promo\u00e7\u00e3o de seus direitos. Eles tem a fun\u00e7\u00e3o de defender os interesses dos demais colegas da Apae em que est\u00e1 inserido perante a diretoria e tamb\u00e9m s\u00e3o o porta-vozes de seus companheiros diante da sociedade.<\/p>\n<p>Foto: Divulga\u00e7\u00e3o.<\/p>\n<p>Siga o Instagram do Blog para comentar @blogdoedvaldomagalhaes<\/p>\n<p>Se inscreva no canal do Blog no YouTube<\/p>\n","protected":false},"excerpt":{"rendered":"<p>Ainda dentro da programa\u00e7\u00e3o do 2\u00ba Congresso das Apaes de Pernambuco aconteceu tamb\u00e9m o VI F\u00f3rum Estadual de Autogest\u00e3o e&hellip;<\/p>\n","protected":false},"author":1,"featured_media":103081,"comment_status":"closed","ping_status":"open","sticky":false,"template":"","format":"standard","meta":{"footnotes":""},"categories":[14120],"tags":[28803,2,28801,3406],"class_list":["post-103080","post","type-post","status-publish","format-standard","has-post-thumbnail","hentry","category-noticias","tag-blog-com-mais-visualizacoes","tag-blog-do-edvaldo-magalhaes","tag-blog-mais-acessado","tag-caruaru"],"_links":{"self":[{"href":"https:\/\/blogdoedvaldomagalhaes.com.br\/index.php\/wp-json\/wp\/v2\/posts\/103080","targetHints":{"allow":["GET"]}}],"collection":[{"href":"https:\/\/blogdoedvaldomagalhaes.com.br\/index.php\/wp-json\/wp\/v2\/posts"}],"about":[{"href":"https:\/\/blogdoedvaldomagalhaes.com.br\/index.php\/wp-json\/wp\/v2\/types\/post"}],"author":[{"embeddable":true,"href":"https:\/\/blogdoedvaldomagalhaes.com.br\/index.php\/wp-json\/wp\/v2\/users\/1"}],"replies":[{"embeddable":true,"href":"https:\/\/blogdoedvaldomagalhaes.com.br\/index.php\/wp-json\/wp\/v2\/comments?post=103080"}],"version-history":[{"count":1,"href":"https:\/\/blogdoedvaldomagalhaes.com.br\/index.php\/wp-json\/wp\/v2\/posts\/103080\/revisions"}],"predecessor-version":[{"id":103082,"href":"https:\/\/blogdoedvaldomagalhaes.com.br\/index.php\/wp-json\/wp\/v2\/posts\/103080\/revisions\/103082"}],"wp:featuredmedia":[{"embeddable":true,"href":"https:\/\/blogdoedvaldomagalhaes.com.br\/index.php\/wp-json\/wp\/v2\/media\/103081"}],"wp:attachment":[{"href":"https:\/\/blogdoedvaldomagalhaes.com.br\/index.php\/wp-json\/wp\/v2\/media?parent=103080"}],"wp:term":[{"taxonomy":"category","embeddable":true,"href":"https:\/\/blogdoedvaldomagalhaes.com.br\/index.php\/wp-json\/wp\/v2\/categories?post=103080"},{"taxonomy":"post_tag","embeddable":true,"href":"https:\/\/blogdoedvaldomagalhaes.com.br\/index.php\/wp-json\/wp\/v2\/tags?post=103080"}],"curies":[{"name":"wp","href":"https:\/\/api.w.org\/{rel}","templated":true}]}}