{"id":103077,"date":"2023-11-23T08:57:13","date_gmt":"2023-11-23T11:57:13","guid":{"rendered":"https:\/\/blogdoedvaldomagalhaes.com.br\/?p=103077"},"modified":"2023-11-23T09:48:59","modified_gmt":"2023-11-23T12:48:59","slug":"campanha-solidaria-natal-do-sertao-precisa-de-doacoes","status":"publish","type":"post","link":"https:\/\/blogdoedvaldomagalhaes.com.br\/index.php\/2023\/11\/23\/campanha-solidaria-natal-do-sertao-precisa-de-doacoes\/","title":{"rendered":"Campanha solid\u00e1ria &#8216;Natal do Sert\u00e3o&#8217; precisa de doa\u00e7\u00f5es"},"content":{"rendered":"<p>A campanha &#8216;Natal do Sert\u00e3o&#8217; est\u00e1 arrecadando donativos para distribuir para pessoas carentes no pr\u00f3ximo dia 10 de dezembro. Contribua doando alimentos, roupas, brinquedos, fraldas e \u00e1gua mineral, para proporcionar um Natal feliz a fam\u00edlias do sert\u00e3o de Pernambuco. As fam\u00edlias sertanejas vivem em situa\u00e7\u00e3o de extrema vulnerabilidade.<\/p>\n<p>Em Caruaru, as contribui\u00e7\u00f5es podem ser entregues nas \u00d3ticas Arcoverde, localizadas na rua Vig\u00e1rio Freire no centro, no Trade Center na avenida Oswaldo Cruz, na avenida Agamenon Magalh\u00e3es, em hor\u00e1rio comercial.<\/p>\n<p>\u201cSomente um esfor\u00e7o de solidariedade e compaix\u00e3o \u00e9 capaz de proporcionar um momento mais digno a estes nossos irm\u00e3os. \u00c9 um desafio onde todos n\u00f3s, como comunidade, devemos nos engajar e ajudar centenas de pessoas que est\u00e3o precisando\u201d, afirma o empres\u00e1rio D\u00e1cio Esp\u00f3sito Filho.<\/p>\n<p>Fa\u00e7a a diferen\u00e7a no Natal das fam\u00edlias do sert\u00e3o pernambucano. Contribua!<\/p>\n","protected":false},"excerpt":{"rendered":"<p>A campanha &#8216;Natal do Sert\u00e3o&#8217; est\u00e1 arrecadando donativos para distribuir para pessoas carentes no pr\u00f3ximo dia 10 de dezembro. Contribua&hellip;<\/p>\n","protected":false},"author":1,"featured_media":103078,"comment_status":"closed","ping_status":"open","sticky":false,"template":"","format":"standard","meta":{"footnotes":""},"categories":[14120],"tags":[28803,2,28801,29185,3406],"class_list":["post-103077","post","type-post","status-publish","format-standard","has-post-thumbnail","hentry","category-noticias","tag-blog-com-mais-visualizacoes","tag-blog-do-edvaldo-magalhaes","tag-blog-mais-acessado","tag-campanha-solidaria-natal-do-sertao-precisa-de-doacoes","tag-caruaru"],"_links":{"self":[{"href":"https:\/\/blogdoedvaldomagalhaes.com.br\/index.php\/wp-json\/wp\/v2\/posts\/103077","targetHints":{"allow":["GET"]}}],"collection":[{"href":"https:\/\/blogdoedvaldomagalhaes.com.br\/index.php\/wp-json\/wp\/v2\/posts"}],"about":[{"href":"https:\/\/blogdoedvaldomagalhaes.com.br\/index.php\/wp-json\/wp\/v2\/types\/post"}],"author":[{"embeddable":true,"href":"https:\/\/blogdoedvaldomagalhaes.com.br\/index.php\/wp-json\/wp\/v2\/users\/1"}],"replies":[{"embeddable":true,"href":"https:\/\/blogdoedvaldomagalhaes.com.br\/index.php\/wp-json\/wp\/v2\/comments?post=103077"}],"version-history":[{"count":2,"href":"https:\/\/blogdoedvaldomagalhaes.com.br\/index.php\/wp-json\/wp\/v2\/posts\/103077\/revisions"}],"predecessor-version":[{"id":103090,"href":"https:\/\/blogdoedvaldomagalhaes.com.br\/index.php\/wp-json\/wp\/v2\/posts\/103077\/revisions\/103090"}],"wp:featuredmedia":[{"embeddable":true,"href":"https:\/\/blogdoedvaldomagalhaes.com.br\/index.php\/wp-json\/wp\/v2\/media\/103078"}],"wp:attachment":[{"href":"https:\/\/blogdoedvaldomagalhaes.com.br\/index.php\/wp-json\/wp\/v2\/media?parent=103077"}],"wp:term":[{"taxonomy":"category","embeddable":true,"href":"https:\/\/blogdoedvaldomagalhaes.com.br\/index.php\/wp-json\/wp\/v2\/categories?post=103077"},{"taxonomy":"post_tag","embeddable":true,"href":"https:\/\/blogdoedvaldomagalhaes.com.br\/index.php\/wp-json\/wp\/v2\/tags?post=103077"}],"curies":[{"name":"wp","href":"https:\/\/api.w.org\/{rel}","templated":true}]}}