{"id":103070,"date":"2023-11-22T20:51:40","date_gmt":"2023-11-22T23:51:40","guid":{"rendered":"https:\/\/blogdoedvaldomagalhaes.com.br\/?p=103070"},"modified":"2023-11-22T20:57:53","modified_gmt":"2023-11-22T23:57:53","slug":"onibus-de-transporte-escolar-com-irregularidades-sao-recolhidos-na-zona-da-mata-pe","status":"publish","type":"post","link":"https:\/\/blogdoedvaldomagalhaes.com.br\/index.php\/2023\/11\/22\/onibus-de-transporte-escolar-com-irregularidades-sao-recolhidos-na-zona-da-mata-pe\/","title":{"rendered":"\u00d4nibus de transporte escolar com irregularidades s\u00e3o recolhidos na Zona da Mata-PE"},"content":{"rendered":"<p>Dois \u00f4nibus de transporte escolar das cidades de Limoeiro e Tracunha\u00e9m, que apresentavam irregularidades foram recolhidos pela Pol\u00edcia Rodovi\u00e1ria Federal (PRF), na BR 408, na Zona da Mata de Pernambuco. Os flagrantes foram realizados durante uma fiscaliza\u00e7\u00e3o com foco na preven\u00e7\u00e3o de sinistros envolvendo o transporte de passageiros e de cargas na regi\u00e3o.<\/p>\n<p>Durante a abordagem do Grupo de Fiscaliza\u00e7\u00e3o de Tr\u00e2nsito da PRF, foram constatados que dois \u00f4nibus n\u00e3o possu\u00edam autoriza\u00e7\u00e3o para realizar o transporte escolar, os motoristas n\u00e3o possu\u00edam curso para realizar esse tipo de atividade e o licenciamento dos ve\u00edculos estava atrasado. A equipe tamb\u00e9m descobriu que os ve\u00edculos haviam sido abordados no ano passado e s\u00e3o reincidentes em algumas dessas infra\u00e7\u00f5es, inclusive possu\u00edam uma restri\u00e7\u00e3o de circula\u00e7\u00e3o por n\u00e3o providenciar a autoriza\u00e7\u00e3o para esse tipo de transporte.<\/p>\n<p>Os alunos que eram transportados pelos \u00f4nibus foram deixados em seus destinos e os \u00f4nibus foram recolhidos ao p\u00e1tio, para sanar as irregularidades. Al\u00e9m das autua\u00e7\u00f5es, a equipe emitiu Termos Circunstanciados de Ocorr\u00eancia (TCOs) para os condutores por exerc\u00edcio irregular da atividade.<br \/>\nFoto: Divulga\u00e7\u00e3o\/PRF.<\/p>\n<p>Siga o Instagram do Blog para comentar @blogdoedvaldomagalhaes<br \/>\nSe inscreva no canal do Blog no You Tube<\/p>\n","protected":false},"excerpt":{"rendered":"<p>Dois \u00f4nibus de transporte escolar das cidades de Limoeiro e Tracunha\u00e9m, que apresentavam irregularidades foram recolhidos pela Pol\u00edcia Rodovi\u00e1ria Federal&hellip;<\/p>\n","protected":false},"author":1,"featured_media":103073,"comment_status":"closed","ping_status":"open","sticky":false,"template":"","format":"standard","meta":{"footnotes":""},"categories":[14121],"tags":[28803,2,28801,3406,29184],"class_list":["post-103070","post","type-post","status-publish","format-standard","has-post-thumbnail","hentry","category-policial","tag-blog-com-mais-visualizacoes","tag-blog-do-edvaldo-magalhaes","tag-blog-mais-acessado","tag-caruaru","tag-onibus-de-transporte-escolar-com-irregularidades-sao-recolhidos-na-br-408"],"_links":{"self":[{"href":"https:\/\/blogdoedvaldomagalhaes.com.br\/index.php\/wp-json\/wp\/v2\/posts\/103070","targetHints":{"allow":["GET"]}}],"collection":[{"href":"https:\/\/blogdoedvaldomagalhaes.com.br\/index.php\/wp-json\/wp\/v2\/posts"}],"about":[{"href":"https:\/\/blogdoedvaldomagalhaes.com.br\/index.php\/wp-json\/wp\/v2\/types\/post"}],"author":[{"embeddable":true,"href":"https:\/\/blogdoedvaldomagalhaes.com.br\/index.php\/wp-json\/wp\/v2\/users\/1"}],"replies":[{"embeddable":true,"href":"https:\/\/blogdoedvaldomagalhaes.com.br\/index.php\/wp-json\/wp\/v2\/comments?post=103070"}],"version-history":[{"count":2,"href":"https:\/\/blogdoedvaldomagalhaes.com.br\/index.php\/wp-json\/wp\/v2\/posts\/103070\/revisions"}],"predecessor-version":[{"id":103074,"href":"https:\/\/blogdoedvaldomagalhaes.com.br\/index.php\/wp-json\/wp\/v2\/posts\/103070\/revisions\/103074"}],"wp:featuredmedia":[{"embeddable":true,"href":"https:\/\/blogdoedvaldomagalhaes.com.br\/index.php\/wp-json\/wp\/v2\/media\/103073"}],"wp:attachment":[{"href":"https:\/\/blogdoedvaldomagalhaes.com.br\/index.php\/wp-json\/wp\/v2\/media?parent=103070"}],"wp:term":[{"taxonomy":"category","embeddable":true,"href":"https:\/\/blogdoedvaldomagalhaes.com.br\/index.php\/wp-json\/wp\/v2\/categories?post=103070"},{"taxonomy":"post_tag","embeddable":true,"href":"https:\/\/blogdoedvaldomagalhaes.com.br\/index.php\/wp-json\/wp\/v2\/tags?post=103070"}],"curies":[{"name":"wp","href":"https:\/\/api.w.org\/{rel}","templated":true}]}}