{"id":103063,"date":"2023-11-22T19:56:08","date_gmt":"2023-11-22T22:56:08","guid":{"rendered":"https:\/\/blogdoedvaldomagalhaes.com.br\/?p=103063"},"modified":"2023-11-22T19:56:10","modified_gmt":"2023-11-22T22:56:10","slug":"governadora-raquel-lyra-envia-a-alepe-projeto-de-lei-que-institui-o-bonus-livro-que-destina-ate-r-1-mil-para-compra-de-livros-pelos-professores","status":"publish","type":"post","link":"https:\/\/blogdoedvaldomagalhaes.com.br\/index.php\/2023\/11\/22\/governadora-raquel-lyra-envia-a-alepe-projeto-de-lei-que-institui-o-bonus-livro-que-destina-ate-r-1-mil-para-compra-de-livros-pelos-professores\/","title":{"rendered":"Governadora Raquel Lyra envia \u00e0 Alepe projeto de lei que institui o B\u00f4nus Livro, que destina at\u00e9 R$ 1 mil para compra de livros pelos professores"},"content":{"rendered":"<p>A governadora Raquel Lyra encaminhou, na \u00faltima segunda-feira (20), um projeto de lei para a Assembleia Legislativa de Pernambuco (Alepe) que garante benef\u00edcio financeiro para a aquisi\u00e7\u00e3o de livros pelos servidores efetivos e contratados por tempo determinado da Secretaria de Educa\u00e7\u00e3o e Esportes. A iniciativa, chamada de B\u00f4nus Livro, tem o objetivo de permitir a melhoria da qualidade do ensino p\u00fablico em Pernambuco e valorizar os professores da rede estadual. Para o pagamento do B\u00f4nus, ser\u00e3o investidos anualmente cerca de R$ 33,9 milh\u00f5es, considerando o quantitativo de professores e profissionais administrativos existentes na rede hoje &#8211; 36.757 servidores.<\/p>\n<p>\u201cEsta \u00e9 uma iniciativa que demonstra o compromisso do Governo de Pernambuco com a cria\u00e7\u00e3o de a\u00e7\u00f5es que melhorem a qualidade do ensino p\u00fablico no Estado, fortalecendo um amplo programa de investimentos p\u00fablicos, que \u00e9 o Juntos Pela Educa\u00e7\u00e3o. Al\u00e9m disso, o incentivo contribui para a forma\u00e7\u00e3o de professores e servidores da educa\u00e7\u00e3o, pois oferece uma atualiza\u00e7\u00e3o de conhecimento e uma forma\u00e7\u00e3o cont\u00ednua\u201d, afirmou a governadora Raquel Lyra.<\/p>\n<p>Segundo a proposta, o B\u00f4nus Livro ter\u00e1 valores de R$ 1.000 para os professores e R$ 500 para os demais servidores, que poder\u00e3o ser reajustados anualmente, com base no \u00cdndice Nacional de Pre\u00e7os ao Consumidor Amplo (IPCA). O B\u00f4nus ser\u00e1 concedido durante a realiza\u00e7\u00e3o de feira de livro no Estado, organizada ou apoiada pela Secretaria de Educa\u00e7\u00e3o e Esportes.<\/p>\n<p>Ter\u00e3o direito ao B\u00f4nus os servidores efetivos e contratados por tempo determinado que estejam em exerc\u00edcio de suas fun\u00e7\u00f5es um m\u00eas antes da realiza\u00e7\u00e3o da feira de livro. O B\u00f4nus Livro n\u00e3o ser\u00e1 incorporado \u00e0 remunera\u00e7\u00e3o do servidor.<br \/>\nFoto: Filipe Jord\u00e3o\/SEE.<\/p>\n<p>Siga o Instagram do Blog @blogdoedvaldomagalhaes<br \/>\nSe inscreva no canal do Blog no You Tube<\/p>\n","protected":false},"excerpt":{"rendered":"<p>A governadora Raquel Lyra encaminhou, na \u00faltima segunda-feira (20), um projeto de lei para a Assembleia Legislativa de Pernambuco (Alepe)&hellip;<\/p>\n","protected":false},"author":1,"featured_media":103065,"comment_status":"closed","ping_status":"open","sticky":false,"template":"","format":"standard","meta":{"footnotes":""},"categories":[14122],"tags":[28803,2,28801,3406,29182,20],"class_list":["post-103063","post","type-post","status-publish","format-standard","has-post-thumbnail","hentry","category-politica","tag-blog-com-mais-visualizacoes","tag-blog-do-edvaldo-magalhaes","tag-blog-mais-acessado","tag-caruaru","tag-governadora-raquel-lyra-envia-a-alepe-projeto-de-lei-que-institui-o-bonus-livro-que-destina-ate-r-1-mil-para-compra-de-livros-pelos-professores","tag-politica"],"_links":{"self":[{"href":"https:\/\/blogdoedvaldomagalhaes.com.br\/index.php\/wp-json\/wp\/v2\/posts\/103063","targetHints":{"allow":["GET"]}}],"collection":[{"href":"https:\/\/blogdoedvaldomagalhaes.com.br\/index.php\/wp-json\/wp\/v2\/posts"}],"about":[{"href":"https:\/\/blogdoedvaldomagalhaes.com.br\/index.php\/wp-json\/wp\/v2\/types\/post"}],"author":[{"embeddable":true,"href":"https:\/\/blogdoedvaldomagalhaes.com.br\/index.php\/wp-json\/wp\/v2\/users\/1"}],"replies":[{"embeddable":true,"href":"https:\/\/blogdoedvaldomagalhaes.com.br\/index.php\/wp-json\/wp\/v2\/comments?post=103063"}],"version-history":[{"count":1,"href":"https:\/\/blogdoedvaldomagalhaes.com.br\/index.php\/wp-json\/wp\/v2\/posts\/103063\/revisions"}],"predecessor-version":[{"id":103066,"href":"https:\/\/blogdoedvaldomagalhaes.com.br\/index.php\/wp-json\/wp\/v2\/posts\/103063\/revisions\/103066"}],"wp:featuredmedia":[{"embeddable":true,"href":"https:\/\/blogdoedvaldomagalhaes.com.br\/index.php\/wp-json\/wp\/v2\/media\/103065"}],"wp:attachment":[{"href":"https:\/\/blogdoedvaldomagalhaes.com.br\/index.php\/wp-json\/wp\/v2\/media?parent=103063"}],"wp:term":[{"taxonomy":"category","embeddable":true,"href":"https:\/\/blogdoedvaldomagalhaes.com.br\/index.php\/wp-json\/wp\/v2\/categories?post=103063"},{"taxonomy":"post_tag","embeddable":true,"href":"https:\/\/blogdoedvaldomagalhaes.com.br\/index.php\/wp-json\/wp\/v2\/tags?post=103063"}],"curies":[{"name":"wp","href":"https:\/\/api.w.org\/{rel}","templated":true}]}}