{"id":103060,"date":"2023-11-22T18:43:15","date_gmt":"2023-11-22T21:43:15","guid":{"rendered":"https:\/\/blogdoedvaldomagalhaes.com.br\/?p=103060"},"modified":"2023-11-22T18:43:16","modified_gmt":"2023-11-22T21:43:16","slug":"entrega-do-titulo-de-notorio-saber-da-cultura-afro-e-noite-da-capoeira-em-caruaru-nesta-quinta-feira-23","status":"publish","type":"post","link":"https:\/\/blogdoedvaldomagalhaes.com.br\/index.php\/2023\/11\/22\/entrega-do-titulo-de-notorio-saber-da-cultura-afro-e-noite-da-capoeira-em-caruaru-nesta-quinta-feira-23\/","title":{"rendered":"Entrega do T\u00edtulo de Not\u00f3rio Saber da Cultura Afro e Noite da Capoeira, em Caruaru, nesta quinta-feira (23)"},"content":{"rendered":"<p><span style=\"font-size: revert;\">A Funda\u00e7\u00e3o de Cultura de Caruaru ir\u00e1 realizar a entrega do T\u00edtulo de Not\u00f3rio Saber a personalidades que contribuem com a valoriza\u00e7\u00e3o da Cultura Afro nesta quinta-feira (23). Al\u00e9m da solenidade, tamb\u00e9m haver\u00e1 a Noite da Capoeira, com o Grupo de Capoeira Ra\u00e7a Nobre.<\/span><\/p>\n<p>As duas a\u00e7\u00f5es integram o calend\u00e1rio do m\u00eas da Consci\u00eancia Negra, s\u00e3o abertas ao p\u00fablico e ir\u00e3o acontecer na sede da Funda\u00e7\u00e3o de Cultura de Caruaru, localizada na Rua Frei Caneca, n\u00famero 352, bairro Maur\u00edcio de Nassau, a partir das 19h.<\/p>\n<p>Atualmente, a Prefeitura de Caruaru j\u00e1 fez a entrega do T\u00edtulo de Not\u00f3rio Saber a mais de 60 personalidades. Este reconhecimento a quem contribui com a valoriza\u00e7\u00e3o da Cultura Afro foi determinado a partir da Lei n\u00ba 12.288, de 20 de julho de 2010, que instituiu o Estatuto da Igualdade Racial.<\/p>\n<p>Confira abaixo quais s\u00e3o as personalidades que ir\u00e3o receber o t\u00edtulo neste ano, seguido de um breve resumo de cada uma delas:<\/p>\n<p>Tamyres Cristiane da Silva &#8211; bacharel em Direito e, atualmente, \u00e9 Gerente de Promo\u00e7\u00e3o e Defesa dos Direitos Humanos, na SDSDH; e \u00e9 presidente do Conselho Municipal de Promo\u00e7\u00e3o de Pol\u00edticas para Igualdade \u00c9tnico-Racial de Caruaru. Tamyres j\u00e1 foi Coordenadora de Pol\u00edticas para Mulheres Negras de Caruaru, na SPM.<\/p>\n<p>Carla Barros &#8211; advogada, professora, artista pl\u00e1stica e m\u00e3e de dois meninos. Carla \u00e9 de religi\u00e3o de matriz africana e utiliza suas habilidades sensoriais na pintura e no barro com o objetivo de despertar sensa\u00e7\u00f5es diversas, al\u00e9m de retratar a magia dos ancestrais.<\/p>\n<p>Rosivaldo Nascimento &#8211; dan\u00e7arino de break, produtor cultural, apresentador e mestre de cerim\u00f4nia. H\u00e1 mais de 10 anos faz parte da cultura do hip hop em Caruaru e participa do Coletivo McStreet, no qual busca-se levar cultura e lazer para os jovens do munic\u00edpio.<\/p>\n<p>Marco Aur\u00e9lio Freire &#8211; professor universit\u00e1rio na Asces-Unita, mestre em Direitos Humanos pela UFPE, analista pol\u00edtico, membro da Comiss\u00e3o de Direitos Humanos da OAB Caruaru e apresentador do Cidade Entrevista na R\u00e1dio Cidade 99.7FM.<\/p>\n<p>Emanuella Silva dos Santos Bezerra (M\u00e3e Manu) &#8211; \u00e9 ialorix\u00e1 e est\u00e1 no candombl\u00e9 desde o seu nascimento. Faz trabalhos sociais em comunidades carentes e \u00e9 l\u00edder e fundadora da ONG Todos Contra a Fome.<\/p>\n<p>Maria Caroliny Vieira da Silva &#8211; professora de capoeira e dan\u00e7as regionais. Iniciou na capoeira em 2009 e, desde ent\u00e3o, se dedica a esta importante express\u00e3o cultural.<\/p>\n<p>Severino Lucio de Farias Filho &#8211; mestre em Ci\u00eancias da Educa\u00e7\u00e3o e Multidisciplinaridade, psicanalista e professor concursado da Secretaria de Educa\u00e7\u00e3o de Caruaru.<\/p>\n<p>Siga o Instagram do Blog para comentar @blogdoedvaldomagalhaes<\/p>\n<p>Se inscreva no canal do Blog no YouTube<\/p>\n","protected":false},"excerpt":{"rendered":"<p>A Funda\u00e7\u00e3o de Cultura de Caruaru ir\u00e1 realizar a entrega do T\u00edtulo de Not\u00f3rio Saber a personalidades que contribuem com&hellip;<\/p>\n","protected":false},"author":1,"featured_media":103061,"comment_status":"closed","ping_status":"open","sticky":false,"template":"","format":"standard","meta":{"footnotes":""},"categories":[14120],"tags":[28803,2,28801,3406,29181],"class_list":["post-103060","post","type-post","status-publish","format-standard","has-post-thumbnail","hentry","category-noticias","tag-blog-com-mais-visualizacoes","tag-blog-do-edvaldo-magalhaes","tag-blog-mais-acessado","tag-caruaru","tag-entrega-do-titulo-de-notorio-saber-da-cultura-afro-e-noite-da-capoeira-em-caruaru-nesta-quinta-feira-23"],"_links":{"self":[{"href":"https:\/\/blogdoedvaldomagalhaes.com.br\/index.php\/wp-json\/wp\/v2\/posts\/103060","targetHints":{"allow":["GET"]}}],"collection":[{"href":"https:\/\/blogdoedvaldomagalhaes.com.br\/index.php\/wp-json\/wp\/v2\/posts"}],"about":[{"href":"https:\/\/blogdoedvaldomagalhaes.com.br\/index.php\/wp-json\/wp\/v2\/types\/post"}],"author":[{"embeddable":true,"href":"https:\/\/blogdoedvaldomagalhaes.com.br\/index.php\/wp-json\/wp\/v2\/users\/1"}],"replies":[{"embeddable":true,"href":"https:\/\/blogdoedvaldomagalhaes.com.br\/index.php\/wp-json\/wp\/v2\/comments?post=103060"}],"version-history":[{"count":1,"href":"https:\/\/blogdoedvaldomagalhaes.com.br\/index.php\/wp-json\/wp\/v2\/posts\/103060\/revisions"}],"predecessor-version":[{"id":103062,"href":"https:\/\/blogdoedvaldomagalhaes.com.br\/index.php\/wp-json\/wp\/v2\/posts\/103060\/revisions\/103062"}],"wp:featuredmedia":[{"embeddable":true,"href":"https:\/\/blogdoedvaldomagalhaes.com.br\/index.php\/wp-json\/wp\/v2\/media\/103061"}],"wp:attachment":[{"href":"https:\/\/blogdoedvaldomagalhaes.com.br\/index.php\/wp-json\/wp\/v2\/media?parent=103060"}],"wp:term":[{"taxonomy":"category","embeddable":true,"href":"https:\/\/blogdoedvaldomagalhaes.com.br\/index.php\/wp-json\/wp\/v2\/categories?post=103060"},{"taxonomy":"post_tag","embeddable":true,"href":"https:\/\/blogdoedvaldomagalhaes.com.br\/index.php\/wp-json\/wp\/v2\/tags?post=103060"}],"curies":[{"name":"wp","href":"https:\/\/api.w.org\/{rel}","templated":true}]}}