{"id":103057,"date":"2023-11-22T18:17:23","date_gmt":"2023-11-22T21:17:23","guid":{"rendered":"https:\/\/blogdoedvaldomagalhaes.com.br\/?p=103057"},"modified":"2023-11-22T18:17:24","modified_gmt":"2023-11-22T21:17:24","slug":"vacinacao-antirrabica-gratuita-e-adocao-de-caes-e-gatos-serao-realizadas-nesta-sexta-feira-24-em-caruaru","status":"publish","type":"post","link":"https:\/\/blogdoedvaldomagalhaes.com.br\/index.php\/2023\/11\/22\/vacinacao-antirrabica-gratuita-e-adocao-de-caes-e-gatos-serao-realizadas-nesta-sexta-feira-24-em-caruaru\/","title":{"rendered":"Vacina\u00e7\u00e3o antirr\u00e1bica gratuita e ado\u00e7\u00e3o de c\u00e3es e gatos ser\u00e3o realizadas, nesta sexta-feira (24), em Caruaru"},"content":{"rendered":"<p><span style=\"font-size: revert;\">Ser\u00e1 realizada, nesta sexta-feira (24), uma a\u00e7\u00e3o social de vacina\u00e7\u00e3o antirr\u00e1bica para c\u00e3es e gatos, al\u00e9m de ado\u00e7\u00e3o respons\u00e1vel de pets. O evento ser\u00e1 totalmente gratuito e acontecer\u00e1 das 9h \u00e0s 13h, no bairro S\u00e3o Francisco, em uma casa de ra\u00e7\u00e3o pr\u00f3xima a Feira Livre. A a\u00e7\u00e3o \u00e9 resultado de uma parceria entre a Escola Brasileira de Profiss\u00f5es (EBP Caruaru), a Uni\u00e3o em Defesa e Respeito a Vida Animal (Uderva) e a Casa do Pet.<\/span><\/p>\n<p>Para participar bastar levar o c\u00e3o ou gato, cart\u00e3o de vacina do animal (se tiver) e estar com um tutor maior de 18 anos. A vacina ser\u00e1 aplicada pelos professores e alunos do curso de auxiliar de veterin\u00e1rio para animais de pequeno porte da EBP Caruaru.<\/p>\n<p>A raiva \u00e9 uma doen\u00e7a infecciosa causada por um v\u00edrus que afeta os mam\u00edferos. Uma vez instalada no organismo, a doen\u00e7a atinge, principalmente, o sistema nervoso, causando sintomas como altera\u00e7\u00f5es de comportamento, tendo a agressividade como uma das maiores caracter\u00edsticas. A vacina \u00e9 a principal forma de preven\u00e7\u00e3o da doen\u00e7a.<\/p>\n<p>J\u00e1 para ado\u00e7\u00e3o de c\u00e3es e gatos, as pessoas interessadas devem ser maior de 18 anos, levar documento com foto e comprovante de resid\u00eancia, al\u00e9m de muito amor e disponibilidade para cuidar do animalzinho com responsabilidade. <span style=\"font-size: revert;\">Tamb\u00e9m ser\u00e3o distribu\u00eddos mimos para os participantes da a\u00e7\u00e3o. Foto: Divulga\u00e7\u00e3o.<\/span><\/p>\n<p>Siga o Instagram do Blog @blogdoedvaldomagalhaes<\/p>\n<p>Se inscreva no canal do Blog no YouTube<\/p>\n","protected":false},"excerpt":{"rendered":"<p>Ser\u00e1 realizada, nesta sexta-feira (24), uma a\u00e7\u00e3o social de vacina\u00e7\u00e3o antirr\u00e1bica para c\u00e3es e gatos, al\u00e9m de ado\u00e7\u00e3o respons\u00e1vel de&hellip;<\/p>\n","protected":false},"author":1,"featured_media":103058,"comment_status":"closed","ping_status":"open","sticky":false,"template":"","format":"standard","meta":{"footnotes":""},"categories":[14120],"tags":[28803,2,28801,3406,29180],"class_list":["post-103057","post","type-post","status-publish","format-standard","has-post-thumbnail","hentry","category-noticias","tag-blog-com-mais-visualizacoes","tag-blog-do-edvaldo-magalhaes","tag-blog-mais-acessado","tag-caruaru","tag-vacinacao-antirrabica-gratuita-e-adocao-de-caes-e-gatos-serao-realizadas"],"_links":{"self":[{"href":"https:\/\/blogdoedvaldomagalhaes.com.br\/index.php\/wp-json\/wp\/v2\/posts\/103057","targetHints":{"allow":["GET"]}}],"collection":[{"href":"https:\/\/blogdoedvaldomagalhaes.com.br\/index.php\/wp-json\/wp\/v2\/posts"}],"about":[{"href":"https:\/\/blogdoedvaldomagalhaes.com.br\/index.php\/wp-json\/wp\/v2\/types\/post"}],"author":[{"embeddable":true,"href":"https:\/\/blogdoedvaldomagalhaes.com.br\/index.php\/wp-json\/wp\/v2\/users\/1"}],"replies":[{"embeddable":true,"href":"https:\/\/blogdoedvaldomagalhaes.com.br\/index.php\/wp-json\/wp\/v2\/comments?post=103057"}],"version-history":[{"count":1,"href":"https:\/\/blogdoedvaldomagalhaes.com.br\/index.php\/wp-json\/wp\/v2\/posts\/103057\/revisions"}],"predecessor-version":[{"id":103059,"href":"https:\/\/blogdoedvaldomagalhaes.com.br\/index.php\/wp-json\/wp\/v2\/posts\/103057\/revisions\/103059"}],"wp:featuredmedia":[{"embeddable":true,"href":"https:\/\/blogdoedvaldomagalhaes.com.br\/index.php\/wp-json\/wp\/v2\/media\/103058"}],"wp:attachment":[{"href":"https:\/\/blogdoedvaldomagalhaes.com.br\/index.php\/wp-json\/wp\/v2\/media?parent=103057"}],"wp:term":[{"taxonomy":"category","embeddable":true,"href":"https:\/\/blogdoedvaldomagalhaes.com.br\/index.php\/wp-json\/wp\/v2\/categories?post=103057"},{"taxonomy":"post_tag","embeddable":true,"href":"https:\/\/blogdoedvaldomagalhaes.com.br\/index.php\/wp-json\/wp\/v2\/tags?post=103057"}],"curies":[{"name":"wp","href":"https:\/\/api.w.org\/{rel}","templated":true}]}}