{"id":103051,"date":"2023-11-22T11:20:07","date_gmt":"2023-11-22T14:20:07","guid":{"rendered":"https:\/\/blogdoedvaldomagalhaes.com.br\/?p=103051"},"modified":"2023-11-22T11:20:08","modified_gmt":"2023-11-22T14:20:08","slug":"missa-da-graca-completa-25-anos-em-caruaru-com-programacao-especial","status":"publish","type":"post","link":"https:\/\/blogdoedvaldomagalhaes.com.br\/index.php\/2023\/11\/22\/missa-da-graca-completa-25-anos-em-caruaru-com-programacao-especial\/","title":{"rendered":"Missa da Gra\u00e7a completa 25 anos em Caruaru com programa\u00e7\u00e3o especial"},"content":{"rendered":"<p><span style=\"font-size: revert;\">A tradi\u00e7\u00e3o de f\u00e9 e esperan\u00e7a da Missa da Gra\u00e7a est\u00e1 completando 25 anos em Caruaru. Para comemorar as Bodas de Prata, uma programa\u00e7\u00e3o especial ser\u00e1 realizada durante todo o dia na pr\u00f3xima segunda-feira (27).<\/span><\/p>\n<p>Al\u00e9m da celebra\u00e7\u00e3o \u00e0s 12h, uma carreata abrir\u00e1 os festejos. Os devotos participar\u00e3o tamb\u00e9m de ter\u00e7os, adora\u00e7\u00e3o ao Sant\u00edssimo Sacramento, louvores e prociss\u00e3o.<\/p>\n<p>Mais de mil pessoas se encontram semanalmente, vindas de v\u00e1rias cidades da regi\u00e3o. Itinerante quando fundada por frei Lopes, em 1998, a missa ganhou grandes propor\u00e7\u00f5es e precisou de um espa\u00e7o pr\u00f3prio, hoje institu\u00eddo como Santu\u00e1rio da Gra\u00e7a, pertencente a Par\u00f3quia S\u00e3o Jos\u00e9.<\/p>\n<p>*Programa\u00e7\u00e3o dos 25 anos da Missa da Gra\u00e7a:*<\/p>\n<p>*8h -* Carreata com a imagem de Nossa Senhora das Gra\u00e7as<br \/>\n*10h -* Of\u00edcio Mariano e ter\u00e7o<br \/>\n*11h -* Momento mariano<br \/>\n*12h -* Adora\u00e7\u00e3o ao Sant\u00edssimo Sacramento<br \/>\n*13h -* Santa Missa presidida pelo Pe. Alexsandro Jorge<br \/>\n*14h -* Prociss\u00e3o pelas ruas do bairro Petr\u00f3polis<br \/>\n*15h -* Ter\u00e7o da Miseric\u00f3rdia e louvor<br \/>\n*18h -* Ora\u00e7\u00e3o do Angelus e Adora\u00e7\u00e3o ao Sant\u00edssimo Sacramento<br \/>\n*19h -* Ter\u00e7o<br \/>\n*19h30 -* Santa Missa presidida pelo Pe. Alexsandro Jorge. Foto: Divulga\u00e7\u00e3o.<\/p>\n<p>Siga o Instagram do Blog \u00a0para comentar @blogdoedvaldomagalhaes<\/p>\n<p>Se inscreva no canal do Blog no YouTube<\/p>\n","protected":false},"excerpt":{"rendered":"<p>A tradi\u00e7\u00e3o de f\u00e9 e esperan\u00e7a da Missa da Gra\u00e7a est\u00e1 completando 25 anos em Caruaru. Para comemorar as Bodas&hellip;<\/p>\n","protected":false},"author":1,"featured_media":103052,"comment_status":"closed","ping_status":"open","sticky":false,"template":"","format":"standard","meta":{"footnotes":""},"categories":[14120],"tags":[28803,2,28801,3406,29178],"class_list":["post-103051","post","type-post","status-publish","format-standard","has-post-thumbnail","hentry","category-noticias","tag-blog-com-mais-visualizacoes","tag-blog-do-edvaldo-magalhaes","tag-blog-mais-acessado","tag-caruaru","tag-missa-da-graca-completa-25-anos-em-caruaru-com-programacao-especial"],"_links":{"self":[{"href":"https:\/\/blogdoedvaldomagalhaes.com.br\/index.php\/wp-json\/wp\/v2\/posts\/103051","targetHints":{"allow":["GET"]}}],"collection":[{"href":"https:\/\/blogdoedvaldomagalhaes.com.br\/index.php\/wp-json\/wp\/v2\/posts"}],"about":[{"href":"https:\/\/blogdoedvaldomagalhaes.com.br\/index.php\/wp-json\/wp\/v2\/types\/post"}],"author":[{"embeddable":true,"href":"https:\/\/blogdoedvaldomagalhaes.com.br\/index.php\/wp-json\/wp\/v2\/users\/1"}],"replies":[{"embeddable":true,"href":"https:\/\/blogdoedvaldomagalhaes.com.br\/index.php\/wp-json\/wp\/v2\/comments?post=103051"}],"version-history":[{"count":1,"href":"https:\/\/blogdoedvaldomagalhaes.com.br\/index.php\/wp-json\/wp\/v2\/posts\/103051\/revisions"}],"predecessor-version":[{"id":103053,"href":"https:\/\/blogdoedvaldomagalhaes.com.br\/index.php\/wp-json\/wp\/v2\/posts\/103051\/revisions\/103053"}],"wp:featuredmedia":[{"embeddable":true,"href":"https:\/\/blogdoedvaldomagalhaes.com.br\/index.php\/wp-json\/wp\/v2\/media\/103052"}],"wp:attachment":[{"href":"https:\/\/blogdoedvaldomagalhaes.com.br\/index.php\/wp-json\/wp\/v2\/media?parent=103051"}],"wp:term":[{"taxonomy":"category","embeddable":true,"href":"https:\/\/blogdoedvaldomagalhaes.com.br\/index.php\/wp-json\/wp\/v2\/categories?post=103051"},{"taxonomy":"post_tag","embeddable":true,"href":"https:\/\/blogdoedvaldomagalhaes.com.br\/index.php\/wp-json\/wp\/v2\/tags?post=103051"}],"curies":[{"name":"wp","href":"https:\/\/api.w.org\/{rel}","templated":true}]}}