{"id":103040,"date":"2023-11-21T19:26:21","date_gmt":"2023-11-21T22:26:21","guid":{"rendered":"https:\/\/blogdoedvaldomagalhaes.com.br\/?p=103040"},"modified":"2023-11-21T20:36:09","modified_gmt":"2023-11-21T23:36:09","slug":"homicidio-em-caruaru-jovem-e-baleado-em-via-publica-e-morre-no-hospital","status":"publish","type":"post","link":"https:\/\/blogdoedvaldomagalhaes.com.br\/index.php\/2023\/11\/21\/homicidio-em-caruaru-jovem-e-baleado-em-via-publica-e-morre-no-hospital\/","title":{"rendered":"Homic\u00eddio em Caruaru: Jovem \u00e9 baleado em via p\u00fablica e morre no hospital"},"content":{"rendered":"<p>Na tarde desta ter\u00e7a-feira (21.11), um jovem foi baleado em pela via p\u00fablica ao lado do pr\u00e9dio onde funcionava a Secretaria Municipal de Sa\u00fade, na rua Vig\u00e1rio Ant\u00f4nio Jorge, no bairro S\u00e3o Francisco em Caruaru. A v\u00edtima foi Eduardo Vin\u00edcius da Silva, conhecido como \u201cChico\u201d, de 22 anos de idade, que morava nas proximidades. Eduardo foi socorrido pelo Samu e morreu a caminho do Hospital Regional do Agreste (HRA). O corpo foi encaminhado para o IML de Caruaru.<\/p>\n<p>Eduardo teve passagem pela pol\u00edcia h\u00e1 dois anos por envolvimento com o tr\u00e1fico de drogas. A Divis\u00e3o de Homic\u00eddios est\u00e1 investigando o caso.<\/p>\n<p>Este foi o 10\u00ba no m\u00eas de novembro e o 118\u00ba no ano de 2023 em Caruaru. Foto: Adielson Galv\u00e3o.<\/p>\n<p><img loading=\"lazy\" decoding=\"async\" class=\"size-full wp-image-103044\" src=\"https:\/\/blogdoedvaldomagalhaes.com.br\/wp-content\/uploads\/2023\/11\/75708217-75b4-452b-8dac-56fe81748d46.jpg\" width=\"390\" height=\"448\" srcset=\"https:\/\/blogdoedvaldomagalhaes.com.br\/wp-content\/uploads\/2023\/11\/75708217-75b4-452b-8dac-56fe81748d46.jpg 390w, https:\/\/blogdoedvaldomagalhaes.com.br\/wp-content\/uploads\/2023\/11\/75708217-75b4-452b-8dac-56fe81748d46-261x300.jpg 261w\" sizes=\"auto, (max-width: 390px) 100vw, 390px\" \/>V\u00edtima<\/p>\n","protected":false},"excerpt":{"rendered":"<p>Na tarde desta ter\u00e7a-feira (21.11), um jovem foi baleado em pela via p\u00fablica ao lado do pr\u00e9dio onde funcionava a&hellip;<\/p>\n","protected":false},"author":1,"featured_media":103041,"comment_status":"closed","ping_status":"open","sticky":false,"template":"","format":"standard","meta":{"footnotes":""},"categories":[14121],"tags":[28803,2,28801,3406,29177],"class_list":["post-103040","post","type-post","status-publish","format-standard","has-post-thumbnail","hentry","category-policial","tag-blog-com-mais-visualizacoes","tag-blog-do-edvaldo-magalhaes","tag-blog-mais-acessado","tag-caruaru","tag-homicidio-em-caruaru-jovem-e-baleado-em-via-publica-e-morre-no-hospital"],"_links":{"self":[{"href":"https:\/\/blogdoedvaldomagalhaes.com.br\/index.php\/wp-json\/wp\/v2\/posts\/103040","targetHints":{"allow":["GET"]}}],"collection":[{"href":"https:\/\/blogdoedvaldomagalhaes.com.br\/index.php\/wp-json\/wp\/v2\/posts"}],"about":[{"href":"https:\/\/blogdoedvaldomagalhaes.com.br\/index.php\/wp-json\/wp\/v2\/types\/post"}],"author":[{"embeddable":true,"href":"https:\/\/blogdoedvaldomagalhaes.com.br\/index.php\/wp-json\/wp\/v2\/users\/1"}],"replies":[{"embeddable":true,"href":"https:\/\/blogdoedvaldomagalhaes.com.br\/index.php\/wp-json\/wp\/v2\/comments?post=103040"}],"version-history":[{"count":5,"href":"https:\/\/blogdoedvaldomagalhaes.com.br\/index.php\/wp-json\/wp\/v2\/posts\/103040\/revisions"}],"predecessor-version":[{"id":103048,"href":"https:\/\/blogdoedvaldomagalhaes.com.br\/index.php\/wp-json\/wp\/v2\/posts\/103040\/revisions\/103048"}],"wp:featuredmedia":[{"embeddable":true,"href":"https:\/\/blogdoedvaldomagalhaes.com.br\/index.php\/wp-json\/wp\/v2\/media\/103041"}],"wp:attachment":[{"href":"https:\/\/blogdoedvaldomagalhaes.com.br\/index.php\/wp-json\/wp\/v2\/media?parent=103040"}],"wp:term":[{"taxonomy":"category","embeddable":true,"href":"https:\/\/blogdoedvaldomagalhaes.com.br\/index.php\/wp-json\/wp\/v2\/categories?post=103040"},{"taxonomy":"post_tag","embeddable":true,"href":"https:\/\/blogdoedvaldomagalhaes.com.br\/index.php\/wp-json\/wp\/v2\/tags?post=103040"}],"curies":[{"name":"wp","href":"https:\/\/api.w.org\/{rel}","templated":true}]}}