{"id":103035,"date":"2023-11-21T17:30:14","date_gmt":"2023-11-21T20:30:14","guid":{"rendered":"https:\/\/blogdoedvaldomagalhaes.com.br\/?p=103035"},"modified":"2023-11-21T17:36:08","modified_gmt":"2023-11-21T20:36:08","slug":"103035","status":"publish","type":"post","link":"https:\/\/blogdoedvaldomagalhaes.com.br\/index.php\/2023\/11\/21\/103035\/","title":{"rendered":"Vereador Jorge Quintino busca fortalecer a educa\u00e7\u00e3o municipal com assist\u00eancia psicopedag\u00f3gica"},"content":{"rendered":"<p>O vereador Jorge Quintino (SD), reconhecendo a import\u00e2ncia crucial da educa\u00e7\u00e3o na constru\u00e7\u00e3o de uma sociedade mais justa e igualit\u00e1ria, anuncia uma iniciativa significativa para fortalecer o sistema educacional municipal. O parlamentar prop\u00f4s a implanta\u00e7\u00e3o de assist\u00eancia psicopedag\u00f3gica em todas as escolas da rede municipal, visando diagnosticar, intervir e prevenir quest\u00f5es relacionadas \u00e0 aprendizagem.<\/p>\n<p>A proposta do vereador Quintino emerge da sua vis\u00e3o abrangente sobre o papel fundamental da educa\u00e7\u00e3o no desenvolvimento humano e social. Ele enfatiza a necessidade de um olhar atento para as particularidades de cada estudante, garantindo que todos tenham acesso a uma educa\u00e7\u00e3o de qualidade. Ao abordar a iniciativa, o vereador ressaltou: &#8220;A assist\u00eancia psicopedag\u00f3gica desempenha um papel crucial na identifica\u00e7\u00e3o precoce de desafios de aprendizagem. Nossa proposta visa criar um ambiente educacional mais inclusivo e apoiar os estudantes em seu desenvolvimento acad\u00eamico e emocional.&#8221;<\/p>\n<p>A assist\u00eancia psicopedag\u00f3gica proposta compreende a presen\u00e7a de profissionais especializados em todas as institui\u00e7\u00f5es de ensino municipal. Esses especialistas ser\u00e3o respons\u00e1veis por avalia\u00e7\u00f5es psicopedag\u00f3gicas, interven\u00e7\u00f5es personalizadas e a implementa\u00e7\u00e3o de estrat\u00e9gias preventivas para garantir o sucesso acad\u00eamico de cada aluno. A proposta do vereador Jorge Quintino reflete n\u00e3o apenas o compromisso com a qualidade da educa\u00e7\u00e3o, mas tamb\u00e9m a compreens\u00e3o de que investir na forma\u00e7\u00e3o integral dos estudantes \u00e9 fundamental para o progresso da comunidade como um todo. A implementa\u00e7\u00e3o da assist\u00eancia psicopedag\u00f3gica n\u00e3o apenas aborda desafios de aprendizagem, mas tamb\u00e9m contribui para a promo\u00e7\u00e3o da sa\u00fade mental dos estudantes.<br \/>\nFoto do vereador Jorge Quintino\/Cr\u00e9ditos: Vladimir Barreto.<\/p>\n<p>Siga o Instagram do Blog para comentar @blogdoedvaldomagalhaes<br \/>\nSe inscreva no canal do Blog no You Tube<\/p>\n","protected":false},"excerpt":{"rendered":"<p>O vereador Jorge Quintino (SD), reconhecendo a import\u00e2ncia crucial da educa\u00e7\u00e3o na constru\u00e7\u00e3o de uma sociedade mais justa e igualit\u00e1ria,&hellip;<\/p>\n","protected":false},"author":1,"featured_media":103036,"comment_status":"closed","ping_status":"open","sticky":false,"template":"","format":"standard","meta":{"footnotes":""},"categories":[14122],"tags":[28925,2,28801,3406,20,29176],"class_list":["post-103035","post","type-post","status-publish","format-standard","has-post-thumbnail","hentry","category-politica","tag-blog-comamos-visualizacoes","tag-blog-do-edvaldo-magalhaes","tag-blog-mais-acessado","tag-caruaru","tag-politica","tag-vereador-jorge-quintino-busca-fortalecer-a-educacao-municipal-com-assistencia-psicopedagogica-2"],"_links":{"self":[{"href":"https:\/\/blogdoedvaldomagalhaes.com.br\/index.php\/wp-json\/wp\/v2\/posts\/103035","targetHints":{"allow":["GET"]}}],"collection":[{"href":"https:\/\/blogdoedvaldomagalhaes.com.br\/index.php\/wp-json\/wp\/v2\/posts"}],"about":[{"href":"https:\/\/blogdoedvaldomagalhaes.com.br\/index.php\/wp-json\/wp\/v2\/types\/post"}],"author":[{"embeddable":true,"href":"https:\/\/blogdoedvaldomagalhaes.com.br\/index.php\/wp-json\/wp\/v2\/users\/1"}],"replies":[{"embeddable":true,"href":"https:\/\/blogdoedvaldomagalhaes.com.br\/index.php\/wp-json\/wp\/v2\/comments?post=103035"}],"version-history":[{"count":2,"href":"https:\/\/blogdoedvaldomagalhaes.com.br\/index.php\/wp-json\/wp\/v2\/posts\/103035\/revisions"}],"predecessor-version":[{"id":103039,"href":"https:\/\/blogdoedvaldomagalhaes.com.br\/index.php\/wp-json\/wp\/v2\/posts\/103035\/revisions\/103039"}],"wp:featuredmedia":[{"embeddable":true,"href":"https:\/\/blogdoedvaldomagalhaes.com.br\/index.php\/wp-json\/wp\/v2\/media\/103036"}],"wp:attachment":[{"href":"https:\/\/blogdoedvaldomagalhaes.com.br\/index.php\/wp-json\/wp\/v2\/media?parent=103035"}],"wp:term":[{"taxonomy":"category","embeddable":true,"href":"https:\/\/blogdoedvaldomagalhaes.com.br\/index.php\/wp-json\/wp\/v2\/categories?post=103035"},{"taxonomy":"post_tag","embeddable":true,"href":"https:\/\/blogdoedvaldomagalhaes.com.br\/index.php\/wp-json\/wp\/v2\/tags?post=103035"}],"curies":[{"name":"wp","href":"https:\/\/api.w.org\/{rel}","templated":true}]}}