{"id":102727,"date":"2023-11-09T17:39:37","date_gmt":"2023-11-09T20:39:37","guid":{"rendered":"https:\/\/blogdoedvaldomagalhaes.com.br\/?p=102727"},"modified":"2023-11-09T17:39:37","modified_gmt":"2023-11-09T20:39:37","slug":"anderson-correia-propoe-pl-com-multa-de-ate-r-34-500-para-quem-matar-arvore-em-caruaru","status":"publish","type":"post","link":"https:\/\/blogdoedvaldomagalhaes.com.br\/index.php\/2023\/11\/09\/anderson-correia-propoe-pl-com-multa-de-ate-r-34-500-para-quem-matar-arvore-em-caruaru\/","title":{"rendered":"Anderson Correia prop\u00f5e PL com multa de at\u00e9 R$ 34.500 para quem matar \u00e1rvore em Caruaru"},"content":{"rendered":"<p>Preocupado com o crescimento dos crimes ambientais que vem acontecendo de forma deliberada em Caruaru, acerca de poda, corte e extin\u00e7\u00e3o de \u00e1rvores, o vereador Anderson Correia (PP), protocolou o Projeto de Lei n\u00ba 9733 de 2023, que disciplina o corte de \u00e1rvores no munic\u00edpio e d\u00e1 outras provid\u00eancias.<\/p>\n<p>Na propositura, o parlamentar sugere multas m\u00ednimas pesadas, conforme o tipo de penalidades, para a completa supress\u00e3o (destrui\u00e7\u00e3o completa da \u00e1rvore) irregular ou indevida para cada indiv\u00edduo arb\u00f3reo: se tratando de esp\u00e9cie invasora\/n\u00e3o nativa (R$ 12.075,00); para esp\u00e9cies nativas (R$ 22.425,00) e para esp\u00e9cies amea\u00e7adas de extin\u00e7\u00e3o (R$ 34.000,00).<\/p>\n<p>\u201cCaruaru precisa urgente de uma lei que regulamente a poda e o corte de \u00e1rvores. Existem v\u00e1rios crimes ambientais neste sentido e ningu\u00e9m faz nada no Munic\u00edpio. E esse projeto de lei n\u00e3o traz diretrizes apenas para quem matar as \u00e1rvores, mas tamb\u00e9m para quem podar de forma irregular, que vai de R$ 1.000,00 mil, para poda n\u00e3o autorizada, a R$ 1.725,00 para poda excessiva. Agora, aguardamos a sensibilidade do Poder Executivo para este PL que visa preservar nosso meio ambiente\u201d, destacou Anderson.<br \/>\nFoto: Divulga\u00e7\u00e3o.<\/p>\n<p>Siga o Instagram do Blog para comentar @blogdoedvaldomagalhaes<br \/>\nSe inscreva no canal do Blog no You Tube<\/p>\n","protected":false},"excerpt":{"rendered":"<p>Preocupado com o crescimento dos crimes ambientais que vem acontecendo de forma deliberada em Caruaru, acerca de poda, corte e&hellip;<\/p>\n","protected":false},"author":1,"featured_media":102728,"comment_status":"closed","ping_status":"open","sticky":false,"template":"","format":"standard","meta":{"footnotes":""},"categories":[14122],"tags":[29068,28803,2,28801,3406,20],"class_list":["post-102727","post","type-post","status-publish","format-standard","has-post-thumbnail","hentry","category-politica","tag-anderson-correia-propoe-pl-com-multa-de-ate-r-34-500-para-quem-matar-arvore-em-caruaru","tag-blog-com-mais-visualizacoes","tag-blog-do-edvaldo-magalhaes","tag-blog-mais-acessado","tag-caruaru","tag-politica"],"_links":{"self":[{"href":"https:\/\/blogdoedvaldomagalhaes.com.br\/index.php\/wp-json\/wp\/v2\/posts\/102727","targetHints":{"allow":["GET"]}}],"collection":[{"href":"https:\/\/blogdoedvaldomagalhaes.com.br\/index.php\/wp-json\/wp\/v2\/posts"}],"about":[{"href":"https:\/\/blogdoedvaldomagalhaes.com.br\/index.php\/wp-json\/wp\/v2\/types\/post"}],"author":[{"embeddable":true,"href":"https:\/\/blogdoedvaldomagalhaes.com.br\/index.php\/wp-json\/wp\/v2\/users\/1"}],"replies":[{"embeddable":true,"href":"https:\/\/blogdoedvaldomagalhaes.com.br\/index.php\/wp-json\/wp\/v2\/comments?post=102727"}],"version-history":[{"count":1,"href":"https:\/\/blogdoedvaldomagalhaes.com.br\/index.php\/wp-json\/wp\/v2\/posts\/102727\/revisions"}],"predecessor-version":[{"id":102729,"href":"https:\/\/blogdoedvaldomagalhaes.com.br\/index.php\/wp-json\/wp\/v2\/posts\/102727\/revisions\/102729"}],"wp:featuredmedia":[{"embeddable":true,"href":"https:\/\/blogdoedvaldomagalhaes.com.br\/index.php\/wp-json\/wp\/v2\/media\/102728"}],"wp:attachment":[{"href":"https:\/\/blogdoedvaldomagalhaes.com.br\/index.php\/wp-json\/wp\/v2\/media?parent=102727"}],"wp:term":[{"taxonomy":"category","embeddable":true,"href":"https:\/\/blogdoedvaldomagalhaes.com.br\/index.php\/wp-json\/wp\/v2\/categories?post=102727"},{"taxonomy":"post_tag","embeddable":true,"href":"https:\/\/blogdoedvaldomagalhaes.com.br\/index.php\/wp-json\/wp\/v2\/tags?post=102727"}],"curies":[{"name":"wp","href":"https:\/\/api.w.org\/{rel}","templated":true}]}}