{"id":102724,"date":"2023-11-09T17:29:13","date_gmt":"2023-11-09T20:29:13","guid":{"rendered":"https:\/\/blogdoedvaldomagalhaes.com.br\/?p=102724"},"modified":"2023-11-09T17:29:14","modified_gmt":"2023-11-09T20:29:14","slug":"durante-evento-com-mercado-financeiro-em-sao-paulo-governadora-raquel-lyra-destaca-investimentos-para-pernambuco","status":"publish","type":"post","link":"https:\/\/blogdoedvaldomagalhaes.com.br\/index.php\/2023\/11\/09\/durante-evento-com-mercado-financeiro-em-sao-paulo-governadora-raquel-lyra-destaca-investimentos-para-pernambuco\/","title":{"rendered":"Durante evento com mercado financeiro em S\u00e3o Paulo, governadora Raquel Lyra destaca investimentos para Pernambuco"},"content":{"rendered":"<p>A governadora Raquel Lyra participou, nesta quinta-feira (9), do Ita\u00fa Macro Vision 2023, em S\u00e3o Paulo. O evento do mercado financeiro re\u00fane investidores, l\u00edderes pol\u00edticos e empres\u00e1rios para debater temas de relev\u00e2ncia para o desenvolvimento do pa\u00eds. Nesta 14\u00b0 edi\u00e7\u00e3o, a gestora participou do painel \u201cAgenda de atra\u00e7\u00e3o de investimentos dos estados: uma conversa com governadores\u201d, ao lado do governador do Paran\u00e1, Ratinho J\u00fanior. Foram discutidos assuntos como Reforma Tribut\u00e1ria, retomada de obras relevantes para a economia de Pernambuco, como a Refinaria Abreu e Lima, al\u00e9m dos investimentos no setor de energia limpa e renov\u00e1vel.<\/p>\n<p>&#8220;Estamos trabalhando para recolocar Pernambuco na posi\u00e7\u00e3o de lideran\u00e7a no Nordeste brasileiro. E esta \u00e9 a oportunidade para debater sobre assuntos de relev\u00e2ncia para todo o pa\u00eds. Nosso Estado tem muito potencial, como a energia limpa e renov\u00e1vel, nossos polos automotivo e tecnol\u00f3gico, para atrair novos investimentos. Estamos implementando a eficientiza\u00e7\u00e3o de gastos para que o Estado tenha um melhor ambiente de neg\u00f3cios, nos tornando mais competitivos para atrair novos empregos. Agrade\u00e7o a oportunidade de apresentar as potencialidades de Pernambuco para todo o pa\u00eds&#8221;, destacou Raquel Lyra.<\/p>\n<p>O primeiro tema abordado foi a Reforma Tribut\u00e1ria, aprovada ontem no Senado. A tem\u00e1tica foi defendida pela gestora como oportunidade para combater as desigualdades sociais. &#8220;Estive no Senado acompanhando as vota\u00e7\u00f5es e esta \u00e9 uma grande oportunidade para discutirmos sobre o Fundo Nacional de Desenvolvimento Regional, que colabora para que ind\u00fastrias estejam instaladas no Nordeste. A Reforma Tribut\u00e1ria tamb\u00e9m traz outros elementos como a mudan\u00e7a de matriz energ\u00e9tica. N\u00f3s pleiteamos para garantir incentivos e avan\u00e7ar na energia limpa e renov\u00e1vel, fazendo de Pernambuco um estado mais competitivo&#8221;, refor\u00e7ou a gestora.<\/p>\n<p>Ainda foram apresentadas as obras estruturadoras para o Estado que foram atendidas pelo PAC, como a Transnordestina, que ramal Salgueiro-Suape contemplado, que ir\u00e1 facilitar o escoamento de produ\u00e7\u00e3o; a Refinaria Abreu e Lima, que ser\u00e1 ampliada; o Arco Metropolitano, que beneficiar\u00e1 tanto a Regi\u00e3o Metropolitana do Recife como na Zona da Mata Norte, onde est\u00e1 instalado o polo automotivo; e as Adutoras do Agreste, Gatos e Panelas II, importantes projetos que garantir\u00e3o a seguran\u00e7a h\u00eddrica no Agreste do Estado.<\/p>\n<p>Acompanharam o evento o secret\u00e1rio de Comunica\u00e7\u00e3o, Rodolfo Costa Pinto, o secret\u00e1rio-chefe da Assessoria Especial, Fernando Holanda, e o presidente da Ag\u00eancia de Desenvolvimento Econ\u00f4mico de Pernambuco (Adepe), Andr\u00e9 Teixeira. Fotos: Divulga\u00e7\u00e3o.<br \/>\nSiga o Instagram do Blog para comentar @blogdoedvaldomagalhaes<br \/>\nSe inscreva no canal do Blog no You Tube<\/p>\n","protected":false},"excerpt":{"rendered":"<p>A governadora Raquel Lyra participou, nesta quinta-feira (9), do Ita\u00fa Macro Vision 2023, em S\u00e3o Paulo. O evento do mercado&hellip;<\/p>\n","protected":false},"author":1,"featured_media":102725,"comment_status":"closed","ping_status":"open","sticky":false,"template":"","format":"standard","meta":{"footnotes":""},"categories":[14122],"tags":[28803,2,28801,3406,29067,20],"class_list":["post-102724","post","type-post","status-publish","format-standard","has-post-thumbnail","hentry","category-politica","tag-blog-com-mais-visualizacoes","tag-blog-do-edvaldo-magalhaes","tag-blog-mais-acessado","tag-caruaru","tag-durante-evento-com-mercado-financeiro-em-sao-paulo-governadora-raquel-lyra-destaca-investimentos-para-pernambuco","tag-politica"],"_links":{"self":[{"href":"https:\/\/blogdoedvaldomagalhaes.com.br\/index.php\/wp-json\/wp\/v2\/posts\/102724","targetHints":{"allow":["GET"]}}],"collection":[{"href":"https:\/\/blogdoedvaldomagalhaes.com.br\/index.php\/wp-json\/wp\/v2\/posts"}],"about":[{"href":"https:\/\/blogdoedvaldomagalhaes.com.br\/index.php\/wp-json\/wp\/v2\/types\/post"}],"author":[{"embeddable":true,"href":"https:\/\/blogdoedvaldomagalhaes.com.br\/index.php\/wp-json\/wp\/v2\/users\/1"}],"replies":[{"embeddable":true,"href":"https:\/\/blogdoedvaldomagalhaes.com.br\/index.php\/wp-json\/wp\/v2\/comments?post=102724"}],"version-history":[{"count":1,"href":"https:\/\/blogdoedvaldomagalhaes.com.br\/index.php\/wp-json\/wp\/v2\/posts\/102724\/revisions"}],"predecessor-version":[{"id":102726,"href":"https:\/\/blogdoedvaldomagalhaes.com.br\/index.php\/wp-json\/wp\/v2\/posts\/102724\/revisions\/102726"}],"wp:featuredmedia":[{"embeddable":true,"href":"https:\/\/blogdoedvaldomagalhaes.com.br\/index.php\/wp-json\/wp\/v2\/media\/102725"}],"wp:attachment":[{"href":"https:\/\/blogdoedvaldomagalhaes.com.br\/index.php\/wp-json\/wp\/v2\/media?parent=102724"}],"wp:term":[{"taxonomy":"category","embeddable":true,"href":"https:\/\/blogdoedvaldomagalhaes.com.br\/index.php\/wp-json\/wp\/v2\/categories?post=102724"},{"taxonomy":"post_tag","embeddable":true,"href":"https:\/\/blogdoedvaldomagalhaes.com.br\/index.php\/wp-json\/wp\/v2\/tags?post=102724"}],"curies":[{"name":"wp","href":"https:\/\/api.w.org\/{rel}","templated":true}]}}