{"id":102720,"date":"2023-11-09T17:14:57","date_gmt":"2023-11-09T20:14:57","guid":{"rendered":"https:\/\/blogdoedvaldomagalhaes.com.br\/?p=102720"},"modified":"2023-11-09T17:16:22","modified_gmt":"2023-11-09T20:16:22","slug":"via-parque-em-caruaru-vai-comemorar-aniversario-de-4-anos-com-atividades-para-a-populacao","status":"publish","type":"post","link":"https:\/\/blogdoedvaldomagalhaes.com.br\/index.php\/2023\/11\/09\/via-parque-em-caruaru-vai-comemorar-aniversario-de-4-anos-com-atividades-para-a-populacao\/","title":{"rendered":"Via Parque em Caruaru vai comemorar anivers\u00e1rio de 4 anos com atividades para a popula\u00e7\u00e3o"},"content":{"rendered":"<p>A Secretaria de Desenvolvimento Social e Direitos Humanos, realizar\u00e1 nesta sexta-feira (10), v\u00e1rias atividades voltadas para a popula\u00e7\u00e3o para celebrar os 4 anos da Via Parque.<\/p>\n<p>A partir das 6h professores da Ger\u00eancia de Esportes da SDSDH realizar\u00e3o aul\u00e3o de dan\u00e7a, funcional e ritbox, al\u00e9m de atividades recreativas, jogos de tabuleiro e populares, oferecidos pelo SESC. Em parceria com a Secretaria Municipal de Sa\u00fade, a popula\u00e7\u00e3o contar\u00e1 com servi\u00e7os, como ventosa, auriculoterapia, entre outros. As quadras tamb\u00e9m estar\u00e3o dispon\u00edveis para a pr\u00e1tica de esportes.<\/p>\n<p>Na Via Parque III, no bairro do Salgado, a partir das 8h, a secretaria de Servi\u00e7os P\u00fablicos e Sustentabilidade (SESP) realizar\u00e1 a\u00e7\u00e3o de conscientiza\u00e7\u00e3o porta a porta sobre o descarte correto do lixo. Al\u00e9m, do plantio de 100 mudas de diversas esp\u00e9cies arb\u00f3reas na Via Parque I.<\/p>\n<p>Confira a programa\u00e7\u00e3o:<\/p>\n<p>*Via Parque I*<\/p>\n<p>Hor\u00e1rio: 6h<br \/>\nEvento: aula de dan\u00e7a<br \/>\nProfessores: Eveline, Belarmino, Nildo, Jurandir e Elissandra<\/p>\n<p>Hor\u00e1rio: 7h<br \/>\nEvento: SESP &#8211; plantio de 100 mudas de diversas esp\u00e9cies arb\u00f3reas<\/p>\n<p>Hor\u00e1rio: 8h<br \/>\nEvento: URBAN 95 &#8211; Oficina de An\u00e1lise e Desenho de Espa\u00e7os P\u00fablicos por meio da ferramenta de gest\u00e3o Proximity of care<\/p>\n<p>Hor\u00e1rio: 16h<br \/>\nEvento: SESC \u2013 atividades recreativas, jogos de tabuleiro e jogos populares<\/p>\n<p>Hor\u00e1rio: 17h<br \/>\nEvento: aula de dan\u00e7a<br \/>\nProfessores: Danilo, Marcos Mercury, Thiago Gomes, Adrielson, Admir e Ariana.<\/p>\n<p>*Via Parque II*<\/p>\n<p>Hor\u00e1rio: 17h<br \/>\nEvento: aula de dan\u00e7a<br \/>\nProfessores: Alex, Hilka, Carol, Rosimere e Ir\u00e3.<\/p>\n<p>*Via Parque III*<\/p>\n<p>Hor\u00e1rio: 8h<br \/>\nEvento: SESP &#8211; a\u00e7\u00e3o de conscientiza\u00e7\u00e3o porta a porta sobre o descarte correto do lixo<\/p>\n<p>Hor\u00e1rio: 17h<br \/>\nEvento: aula de dan\u00e7a<br \/>\nProfessores: Ivete, Maur\u00edcio, Ana, Jord\u00e2nia e Cezar.<br \/>\nFoto: Secom.<\/p>\n<p>Siga o Instagram do Blog para comentar @blogdoedvaldomagalhaes<br \/>\nSe inscreva no canal do Blog no You Tube<\/p>\n","protected":false},"excerpt":{"rendered":"<p>A Secretaria de Desenvolvimento Social e Direitos Humanos, realizar\u00e1 nesta sexta-feira (10), v\u00e1rias atividades voltadas para a popula\u00e7\u00e3o para celebrar&hellip;<\/p>\n","protected":false},"author":1,"featured_media":102722,"comment_status":"closed","ping_status":"open","sticky":false,"template":"","format":"standard","meta":{"footnotes":""},"categories":[14120],"tags":[28803,2,28801,3406,29066],"class_list":["post-102720","post","type-post","status-publish","format-standard","has-post-thumbnail","hentry","category-noticias","tag-blog-com-mais-visualizacoes","tag-blog-do-edvaldo-magalhaes","tag-blog-mais-acessado","tag-caruaru","tag-via-parque-em-caruaru-vai-comemorar-aniversario-de-4-anos-com-atividades-para-a-populacao"],"_links":{"self":[{"href":"https:\/\/blogdoedvaldomagalhaes.com.br\/index.php\/wp-json\/wp\/v2\/posts\/102720","targetHints":{"allow":["GET"]}}],"collection":[{"href":"https:\/\/blogdoedvaldomagalhaes.com.br\/index.php\/wp-json\/wp\/v2\/posts"}],"about":[{"href":"https:\/\/blogdoedvaldomagalhaes.com.br\/index.php\/wp-json\/wp\/v2\/types\/post"}],"author":[{"embeddable":true,"href":"https:\/\/blogdoedvaldomagalhaes.com.br\/index.php\/wp-json\/wp\/v2\/users\/1"}],"replies":[{"embeddable":true,"href":"https:\/\/blogdoedvaldomagalhaes.com.br\/index.php\/wp-json\/wp\/v2\/comments?post=102720"}],"version-history":[{"count":1,"href":"https:\/\/blogdoedvaldomagalhaes.com.br\/index.php\/wp-json\/wp\/v2\/posts\/102720\/revisions"}],"predecessor-version":[{"id":102721,"href":"https:\/\/blogdoedvaldomagalhaes.com.br\/index.php\/wp-json\/wp\/v2\/posts\/102720\/revisions\/102721"}],"wp:featuredmedia":[{"embeddable":true,"href":"https:\/\/blogdoedvaldomagalhaes.com.br\/index.php\/wp-json\/wp\/v2\/media\/102722"}],"wp:attachment":[{"href":"https:\/\/blogdoedvaldomagalhaes.com.br\/index.php\/wp-json\/wp\/v2\/media?parent=102720"}],"wp:term":[{"taxonomy":"category","embeddable":true,"href":"https:\/\/blogdoedvaldomagalhaes.com.br\/index.php\/wp-json\/wp\/v2\/categories?post=102720"},{"taxonomy":"post_tag","embeddable":true,"href":"https:\/\/blogdoedvaldomagalhaes.com.br\/index.php\/wp-json\/wp\/v2\/tags?post=102720"}],"curies":[{"name":"wp","href":"https:\/\/api.w.org\/{rel}","templated":true}]}}