{"id":102715,"date":"2023-11-09T14:09:26","date_gmt":"2023-11-09T17:09:26","guid":{"rendered":"https:\/\/blogdoedvaldomagalhaes.com.br\/?p=102715"},"modified":"2023-11-09T14:09:27","modified_gmt":"2023-11-09T17:09:27","slug":"vereador-jorge-quintino-pede-ao-prefeito-criacao-de-lei-de-iniciativa-do-poder-executivo-para-gratuidade-no-transporte-para-idosos-de-60-a-64-anos","status":"publish","type":"post","link":"https:\/\/blogdoedvaldomagalhaes.com.br\/index.php\/2023\/11\/09\/vereador-jorge-quintino-pede-ao-prefeito-criacao-de-lei-de-iniciativa-do-poder-executivo-para-gratuidade-no-transporte-para-idosos-de-60-a-64-anos\/","title":{"rendered":"Vereador Jorge Quintino pede ao Prefeito cria\u00e7\u00e3o de Lei de Iniciativa do poder executivo para gratuidade no Transporte para Idosos de 60 a 64 Anos"},"content":{"rendered":"<p>O Vereador Jorge Quintino (SD), refor\u00e7a seu compromisso inabal\u00e1vel com a comunidade ao fazer um apelo ao Senhor, Rodrigo Pinheiro, Prefeito do Munic\u00edpio. O vereador pede para que seja criada uma nova lei de iniciativa do poder executivo municipal, que assegure a gratuidade de passagens no transporte p\u00fablico para os idosos de 60 a 64 anos. Esta lei, \u00e9 uma iniciativa que visa corrigir uma lacuna na legisla\u00e7\u00e3o que levou \u00e0 declara\u00e7\u00e3o de inconstitucionalidade pelo Tribunal de Justi\u00e7a de Pernambuco (TJPE).<\/p>\n<p>No passado, uma lei que assegurava esse direito, havia sido proposta pelo ex-vereador Ant\u00f4nio Silva. No entanto, devido ao v\u00edcio de iniciativa, o TJPE a declarou inconstitucional. O motivo dessa decis\u00e3o foi a necessidade de que leis com impacto or\u00e7ament\u00e1rio sejam iniciadas pelo Poder Executivo Municipal, em conformidade com a legisla\u00e7\u00e3o vigente. O Vereador Jorge Quintino entende plenamente a import\u00e2ncia dessa quest\u00e3o e a necessidade de corrigir essa injusti\u00e7a. Ele argumenta que a gratuidade no transporte p\u00fablico para idosos de 60 a 64 anos \u00e9 um imperativo moral e um ato de justi\u00e7a que reconhece a contribui\u00e7\u00e3o inestim\u00e1vel dos idosos para nossa sociedade.<\/p>\n<p>&#8220;Estamos lutando por um direito b\u00e1sico e inalien\u00e1vel. Estamos restaurando a mobilidade e a dignidade de nossos idosos, que tanto fizeram por nossa cidade. Essa \u00e9 uma quest\u00e3o de justi\u00e7a social&#8221;, destacou o Vereador Jorge Quintino. O Vereador Jorge Quintino est\u00e1 fazendo um apelo veemente ao Poder Executivo Municipal para trabalhar em estreita colabora\u00e7\u00e3o com a C\u00e2mara Municipal na cria\u00e7\u00e3o da nova legisla\u00e7\u00e3o que garantir\u00e1 essa gratuidade. Ele se compromete a seguir todos os procedimentos legais e administrativos necess\u00e1rios para assegurar que a medida seja implementada de forma s\u00f3lida e em conformidade com as leis vigentes.<br \/>\nFoto: Vladimir Barreto.<\/p>\n<p>Siga o Instagram do Blog para comentar @blogdoedvaldomagalhaes<br \/>\nSe inscreva no canal do Blog no You Tube<\/p>\n","protected":false},"excerpt":{"rendered":"<p>O Vereador Jorge Quintino (SD), refor\u00e7a seu compromisso inabal\u00e1vel com a comunidade ao fazer um apelo ao Senhor, Rodrigo Pinheiro,&hellip;<\/p>\n","protected":false},"author":1,"featured_media":101018,"comment_status":"closed","ping_status":"open","sticky":false,"template":"","format":"standard","meta":{"footnotes":""},"categories":[14122],"tags":[28803,2,28801,3406,20,29064],"class_list":["post-102715","post","type-post","status-publish","format-standard","has-post-thumbnail","hentry","category-politica","tag-blog-com-mais-visualizacoes","tag-blog-do-edvaldo-magalhaes","tag-blog-mais-acessado","tag-caruaru","tag-politica","tag-vereador-jorge-quintino-pede-ao-prefeito-criacao-de-lei-de-iniciativa-do-poder-executivo-para-gratuidade-no-transporte-para-idosos-de-60-a-64-anos"],"_links":{"self":[{"href":"https:\/\/blogdoedvaldomagalhaes.com.br\/index.php\/wp-json\/wp\/v2\/posts\/102715","targetHints":{"allow":["GET"]}}],"collection":[{"href":"https:\/\/blogdoedvaldomagalhaes.com.br\/index.php\/wp-json\/wp\/v2\/posts"}],"about":[{"href":"https:\/\/blogdoedvaldomagalhaes.com.br\/index.php\/wp-json\/wp\/v2\/types\/post"}],"author":[{"embeddable":true,"href":"https:\/\/blogdoedvaldomagalhaes.com.br\/index.php\/wp-json\/wp\/v2\/users\/1"}],"replies":[{"embeddable":true,"href":"https:\/\/blogdoedvaldomagalhaes.com.br\/index.php\/wp-json\/wp\/v2\/comments?post=102715"}],"version-history":[{"count":1,"href":"https:\/\/blogdoedvaldomagalhaes.com.br\/index.php\/wp-json\/wp\/v2\/posts\/102715\/revisions"}],"predecessor-version":[{"id":102716,"href":"https:\/\/blogdoedvaldomagalhaes.com.br\/index.php\/wp-json\/wp\/v2\/posts\/102715\/revisions\/102716"}],"wp:featuredmedia":[{"embeddable":true,"href":"https:\/\/blogdoedvaldomagalhaes.com.br\/index.php\/wp-json\/wp\/v2\/media\/101018"}],"wp:attachment":[{"href":"https:\/\/blogdoedvaldomagalhaes.com.br\/index.php\/wp-json\/wp\/v2\/media?parent=102715"}],"wp:term":[{"taxonomy":"category","embeddable":true,"href":"https:\/\/blogdoedvaldomagalhaes.com.br\/index.php\/wp-json\/wp\/v2\/categories?post=102715"},{"taxonomy":"post_tag","embeddable":true,"href":"https:\/\/blogdoedvaldomagalhaes.com.br\/index.php\/wp-json\/wp\/v2\/tags?post=102715"}],"curies":[{"name":"wp","href":"https:\/\/api.w.org\/{rel}","templated":true}]}}