{"id":102709,"date":"2023-11-09T12:50:54","date_gmt":"2023-11-09T15:50:54","guid":{"rendered":"https:\/\/blogdoedvaldomagalhaes.com.br\/?p=102709"},"modified":"2023-11-09T22:00:26","modified_gmt":"2023-11-10T01:00:26","slug":"mae-filha-e-motorista-morrem-apos-colisao-frontal-entre-ambulancia-e-caminhao","status":"publish","type":"post","link":"https:\/\/blogdoedvaldomagalhaes.com.br\/index.php\/2023\/11\/09\/mae-filha-e-motorista-morrem-apos-colisao-frontal-entre-ambulancia-e-caminhao\/","title":{"rendered":"M\u00e3e, filha e motorista morrem, ap\u00f3s colis\u00e3o frontal entre ambul\u00e2ncia e caminh\u00e3o"},"content":{"rendered":"<p>Um grave sinistro de tr\u00e2nsito envolvendo uma ambul\u00e2ncia de Bom Conselho e um caminh\u00e3o na manh\u00e3 deste quinta-feira (09.11), na PE-218, pr\u00f3ximo a cidade de Terezinha, no Agreste de Pernambuco.<\/p>\n<p>O Corpo de Bombeiros informou que a colis\u00e3o ocorreu por volta das 5h15, e tr\u00eas pessoas que estavam na ambul\u00e2ncia sendo m\u00e3e, filha e o motorista morreram no local.<\/p>\n<p>As v\u00edtimas foram, m\u00e3e e filha identificadas como Maria Edileuza Bastos de Oliveira, de 63 anos, Maria Bet\u00e2nia Bastos de Oliveira, de 41 anos e o motorista Carlos Augusto Basto dos Anjos, de 23 anos. Com o impacto da batida a ambul\u00e2ncia saiu da pista e os tr\u00eas ocupantes morreram no local.<\/p>\n<p>Seu Ant\u00f4nio, que \u00e9 o esposo de Dona Maria Edileuza e pai da Maria Bet\u00e2nia, disse que a esposa estava internada no hospital de Serra Talhada desde a semana passada, ela recebeu alta de ontem pra hoje e o motorista do hospital local foi busc\u00e1-las e no trajeto se envolveram neste acidente. Todos moravam em Bom Conselho. <span style=\"font-size: revert;\">Os corpos foram encaminhados para o Instituto de Medicina Legal (IML) de Caruaru.<\/span><\/p>\n<p>A Secretaria de Sa\u00fade de Bom Conselho, informou que a ambul\u00e2ncia estava indo para cidade de Serra Talhada, buscar uma paciente que tinha recebido alta de um hospital e a colis\u00e3o ocorreu no retorno para Bom Conselho. Foto: Reprodu\u00e7\u00e3o\/WhatsApp.<\/p>\n<p>Siga o Instagram do Blog para comentar @blogdoedvaldomagalhaes<br \/>\nSe inscreva no canal do no You Tube<\/p>\n","protected":false},"excerpt":{"rendered":"<p>Um grave sinistro de tr\u00e2nsito envolvendo uma ambul\u00e2ncia de Bom Conselho e um caminh\u00e3o na manh\u00e3 deste quinta-feira (09.11), na&hellip;<\/p>\n","protected":false},"author":1,"featured_media":102710,"comment_status":"closed","ping_status":"open","sticky":false,"template":"","format":"standard","meta":{"footnotes":""},"categories":[14120],"tags":[14276,28803,2,28801,3406,29063],"class_list":["post-102709","post","type-post","status-publish","format-standard","has-post-thumbnail","hentry","category-noticias","tag-acidente","tag-blog-com-mais-visualizacoes","tag-blog-do-edvaldo-magalhaes","tag-blog-mais-acessado","tag-caruaru","tag-mae-filha-e-motorista-morrem-apos-colisao-frontal-entre-ambulancia-e-caminhao"],"_links":{"self":[{"href":"https:\/\/blogdoedvaldomagalhaes.com.br\/index.php\/wp-json\/wp\/v2\/posts\/102709","targetHints":{"allow":["GET"]}}],"collection":[{"href":"https:\/\/blogdoedvaldomagalhaes.com.br\/index.php\/wp-json\/wp\/v2\/posts"}],"about":[{"href":"https:\/\/blogdoedvaldomagalhaes.com.br\/index.php\/wp-json\/wp\/v2\/types\/post"}],"author":[{"embeddable":true,"href":"https:\/\/blogdoedvaldomagalhaes.com.br\/index.php\/wp-json\/wp\/v2\/users\/1"}],"replies":[{"embeddable":true,"href":"https:\/\/blogdoedvaldomagalhaes.com.br\/index.php\/wp-json\/wp\/v2\/comments?post=102709"}],"version-history":[{"count":4,"href":"https:\/\/blogdoedvaldomagalhaes.com.br\/index.php\/wp-json\/wp\/v2\/posts\/102709\/revisions"}],"predecessor-version":[{"id":102735,"href":"https:\/\/blogdoedvaldomagalhaes.com.br\/index.php\/wp-json\/wp\/v2\/posts\/102709\/revisions\/102735"}],"wp:featuredmedia":[{"embeddable":true,"href":"https:\/\/blogdoedvaldomagalhaes.com.br\/index.php\/wp-json\/wp\/v2\/media\/102710"}],"wp:attachment":[{"href":"https:\/\/blogdoedvaldomagalhaes.com.br\/index.php\/wp-json\/wp\/v2\/media?parent=102709"}],"wp:term":[{"taxonomy":"category","embeddable":true,"href":"https:\/\/blogdoedvaldomagalhaes.com.br\/index.php\/wp-json\/wp\/v2\/categories?post=102709"},{"taxonomy":"post_tag","embeddable":true,"href":"https:\/\/blogdoedvaldomagalhaes.com.br\/index.php\/wp-json\/wp\/v2\/tags?post=102709"}],"curies":[{"name":"wp","href":"https:\/\/api.w.org\/{rel}","templated":true}]}}