{"id":102694,"date":"2023-11-09T11:50:39","date_gmt":"2023-11-09T14:50:39","guid":{"rendered":"https:\/\/blogdoedvaldomagalhaes.com.br\/?p=102694"},"modified":"2023-11-09T12:19:05","modified_gmt":"2023-11-09T15:19:05","slug":"homem-mata-ex-sogra-e-tenta-matar-ex-esposa-a-facadas-dentro-de-casa-em-caruaru","status":"publish","type":"post","link":"https:\/\/blogdoedvaldomagalhaes.com.br\/index.php\/2023\/11\/09\/homem-mata-ex-sogra-e-tenta-matar-ex-esposa-a-facadas-dentro-de-casa-em-caruaru\/","title":{"rendered":"Homem mata ex-sogra e tenta matar ex-esposa a facadas dentro de casa em Caruaru"},"content":{"rendered":"<p>Duas mulheres foram esfaqueadas na manh\u00e3 desta quinta-feira (09.11), na Vila Lajes, zona rural de Caruaru. M\u00e3e e filha foram socorridas para o hospital de Toritama, onde uma das v\u00edtimas, Maria Josefa da Silva, de 67 anos de idade, n\u00e3o resistiu e faleceu. A filha dela, identificadora por Nalva, foi transferida para o Hospital Regional do Agreste (HRA), em Caruaru, onde permanece hospitalizada.<\/p>\n<p>O delegado Eric Costa informou que o ex-companheiro de Nalva \u00e9 suspeito do crime e est\u00e1 foragido. Ainda de acordo com o delegado, Nalva e o criminoso estavam casados, mas em processo de separa\u00e7\u00e3o, todavia, ele n\u00e3o aceitava se separar dela. Ele chegou na casa, houve uma discuss\u00e3o e seguida o crime. A pol\u00edcia civil est\u00e1 investigando o caso e procurando o acusado.<\/p>\n<p>O corpo de Maria Josefa foi encaminhado para o Instituto de Medicina Legal (IML) de Caruaru.<\/p>\n<p>Este foi o 4\u00b0 homic\u00eddio no m\u00eas de novembro em Caruaru, e o 112\u00b0 no ano de 2023, no munic\u00edpio.<\/p>\n<p>Por Helenivaldo Pereira.<\/p>\n<p>Siga o Instagram do Blog para comentar @blogdoedvaldomagalhaes<\/p>\n<p>Se inscreva no canal do Blog no YouTube<\/p>\n<p><img loading=\"lazy\" decoding=\"async\" src=\"https:\/\/blogdoedvaldomagalhaes.com.br\/wp-content\/uploads\/2023\/11\/0fb1a8cb-1e9c-41ba-9e22-54cfd0bbdfce.jpg\" class=\"size-full wp-image-102700\" width=\"377\" height=\"660\" srcset=\"https:\/\/blogdoedvaldomagalhaes.com.br\/wp-content\/uploads\/2023\/11\/0fb1a8cb-1e9c-41ba-9e22-54cfd0bbdfce.jpg 377w, https:\/\/blogdoedvaldomagalhaes.com.br\/wp-content\/uploads\/2023\/11\/0fb1a8cb-1e9c-41ba-9e22-54cfd0bbdfce-171x300.jpg 171w\" sizes=\"auto, (max-width: 377px) 100vw, 377px\" \/><\/p>\n<p>V\u00edtima conhecida popularmente por Nalva<\/p>\n<p><img loading=\"lazy\" decoding=\"async\" src=\"https:\/\/blogdoedvaldomagalhaes.com.br\/wp-content\/uploads\/2023\/11\/59457767-33b2-456f-a6c3-542b49aefe9a.jpg\" class=\"size-full wp-image-102702\" width=\"1421\" height=\"1436\" srcset=\"https:\/\/blogdoedvaldomagalhaes.com.br\/wp-content\/uploads\/2023\/11\/59457767-33b2-456f-a6c3-542b49aefe9a.jpg 1421w, https:\/\/blogdoedvaldomagalhaes.com.br\/wp-content\/uploads\/2023\/11\/59457767-33b2-456f-a6c3-542b49aefe9a-297x300.jpg 297w, https:\/\/blogdoedvaldomagalhaes.com.br\/wp-content\/uploads\/2023\/11\/59457767-33b2-456f-a6c3-542b49aefe9a-1013x1024.jpg 1013w, https:\/\/blogdoedvaldomagalhaes.com.br\/wp-content\/uploads\/2023\/11\/59457767-33b2-456f-a6c3-542b49aefe9a-768x776.jpg 768w\" sizes=\"auto, (max-width: 1421px) 100vw, 1421px\" \/><\/p>\n<p>Acusado do crime est\u00e1 sendo procurado<\/p>\n","protected":false},"excerpt":{"rendered":"<p>Duas mulheres foram esfaqueadas na manh\u00e3 desta quinta-feira (09.11), na Vila Lajes, zona rural de Caruaru. M\u00e3e e filha foram&hellip;<\/p>\n","protected":false},"author":1,"featured_media":102695,"comment_status":"closed","ping_status":"open","sticky":false,"template":"","format":"standard","meta":{"footnotes":""},"categories":[14121],"tags":[2,28801,29062,3406,5448],"class_list":["post-102694","post","type-post","status-publish","format-standard","has-post-thumbnail","hentry","category-policial","tag-blog-do-edvaldo-magalhaes","tag-blog-mais-acessado","tag-blog-mais-visualizado","tag-caruaru","tag-homicidio"],"_links":{"self":[{"href":"https:\/\/blogdoedvaldomagalhaes.com.br\/index.php\/wp-json\/wp\/v2\/posts\/102694","targetHints":{"allow":["GET"]}}],"collection":[{"href":"https:\/\/blogdoedvaldomagalhaes.com.br\/index.php\/wp-json\/wp\/v2\/posts"}],"about":[{"href":"https:\/\/blogdoedvaldomagalhaes.com.br\/index.php\/wp-json\/wp\/v2\/types\/post"}],"author":[{"embeddable":true,"href":"https:\/\/blogdoedvaldomagalhaes.com.br\/index.php\/wp-json\/wp\/v2\/users\/1"}],"replies":[{"embeddable":true,"href":"https:\/\/blogdoedvaldomagalhaes.com.br\/index.php\/wp-json\/wp\/v2\/comments?post=102694"}],"version-history":[{"count":7,"href":"https:\/\/blogdoedvaldomagalhaes.com.br\/index.php\/wp-json\/wp\/v2\/posts\/102694\/revisions"}],"predecessor-version":[{"id":102707,"href":"https:\/\/blogdoedvaldomagalhaes.com.br\/index.php\/wp-json\/wp\/v2\/posts\/102694\/revisions\/102707"}],"wp:featuredmedia":[{"embeddable":true,"href":"https:\/\/blogdoedvaldomagalhaes.com.br\/index.php\/wp-json\/wp\/v2\/media\/102695"}],"wp:attachment":[{"href":"https:\/\/blogdoedvaldomagalhaes.com.br\/index.php\/wp-json\/wp\/v2\/media?parent=102694"}],"wp:term":[{"taxonomy":"category","embeddable":true,"href":"https:\/\/blogdoedvaldomagalhaes.com.br\/index.php\/wp-json\/wp\/v2\/categories?post=102694"},{"taxonomy":"post_tag","embeddable":true,"href":"https:\/\/blogdoedvaldomagalhaes.com.br\/index.php\/wp-json\/wp\/v2\/tags?post=102694"}],"curies":[{"name":"wp","href":"https:\/\/api.w.org\/{rel}","templated":true}]}}