{"id":102691,"date":"2023-11-09T09:07:32","date_gmt":"2023-11-09T12:07:32","guid":{"rendered":"https:\/\/blogdoedvaldomagalhaes.com.br\/?p=102691"},"modified":"2023-11-09T09:07:33","modified_gmt":"2023-11-09T12:07:33","slug":"para-governadora-raquel-lyra-aprovacao-da-reforma-tributaria-no-senado-representa-fortalecimento-da-competitividade-do-nordeste","status":"publish","type":"post","link":"https:\/\/blogdoedvaldomagalhaes.com.br\/index.php\/2023\/11\/09\/para-governadora-raquel-lyra-aprovacao-da-reforma-tributaria-no-senado-representa-fortalecimento-da-competitividade-do-nordeste\/","title":{"rendered":"Para governadora Raquel Lyra, aprova\u00e7\u00e3o da Reforma Tribut\u00e1ria no Senado representa fortalecimento da competitividade do Nordeste"},"content":{"rendered":"<p>Aprovado no plen\u00e1rio do Senado Federal nesta quarta-feira (8), o texto da Reforma Tribut\u00e1ria foi comemorado pela governadora Raquel Lyra. De acordo com a gestora, a reforma vai poder proporcionar redu\u00e7\u00e3o das desigualdades regionais, podendo fortalecer a competitividade do Nordeste no Pa\u00eds. Al\u00e9m disso, a continuidade at\u00e9 2032 dos incentivos \u00e0s ind\u00fastrias automobil\u00edsticas instaladas no Nordeste ser\u00e1 um fator ainda mais importante de gera\u00e7\u00e3o de emprego, renda e desenvolvimento para a regi\u00e3o.<\/p>\n<p>\u201cEstamos em um caminho importante que busca a simplifica\u00e7\u00e3o tribut\u00e1ria, um pleito que h\u00e1 d\u00e9cadas o Brasil sabe que precisa, mas n\u00e3o tinha sido feito. A reforma chega para garantir diminui\u00e7\u00e3o das desigualdades regionais e sociais, al\u00e9m de poder ser um agente de competitividade para Pernambuco e demais estados do Nordeste com os incentivos concedidos \u00e0s ind\u00fastrias automobil\u00edsticas para que elas possam continuar seu ciclo de investimento onde est\u00e3o instaladas\u201d, ressaltou a governadora Raquel Lyra, que esteve nesta quarta no Senado junto aos senadores pernambucanos Teresa Leit\u00e3o, Humberto Costa e Fernando Dueire e realizou debates com parlamentares para defender a import\u00e2ncia da aprova\u00e7\u00e3o da reforma.<\/p>\n<p>A extens\u00e3o dos incentivos a essas ind\u00fastrias representa a garantia da competitividade fora do eixo Sul-Sudeste. Em Pernambuco, por exemplo, o Polo Automotivo de Goiana, com a presen\u00e7a da ind\u00fastria da Stellantis, representa uma consider\u00e1vel gera\u00e7\u00e3o de emprego, com crescimento m\u00e9dio de 5,6% ao ano.<\/p>\n<p>A reforma foi aprovada no Senado por 53 votos a favor e 24 contra. A proposta voltar\u00e1 para an\u00e1lise da C\u00e2mara dos Deputados, j\u00e1 que ocorreram modifica\u00e7\u00f5es no texto.<br \/>\nFotos: Divulga\u00e7\u00e3o.<\/p>\n<p>Siga o Instagram do Blog @blogdoedvaldomagalhaes<br \/>\nSe inscreva no canal do Blog no You Tube<\/p>\n","protected":false},"excerpt":{"rendered":"<p>Aprovado no plen\u00e1rio do Senado Federal nesta quarta-feira (8), o texto da Reforma Tribut\u00e1ria foi comemorado pela governadora Raquel Lyra.&hellip;<\/p>\n","protected":false},"author":1,"featured_media":102692,"comment_status":"closed","ping_status":"open","sticky":false,"template":"","format":"standard","meta":{"footnotes":""},"categories":[14122],"tags":[28803,2,28801,3406,29061,20],"class_list":["post-102691","post","type-post","status-publish","format-standard","has-post-thumbnail","hentry","category-politica","tag-blog-com-mais-visualizacoes","tag-blog-do-edvaldo-magalhaes","tag-blog-mais-acessado","tag-caruaru","tag-para-governadora-raquel-lyra-aprovacao-da-reforma-tributaria-no-senado-representa-fortalecimento-da-competitividade-do-nordeste","tag-politica"],"_links":{"self":[{"href":"https:\/\/blogdoedvaldomagalhaes.com.br\/index.php\/wp-json\/wp\/v2\/posts\/102691","targetHints":{"allow":["GET"]}}],"collection":[{"href":"https:\/\/blogdoedvaldomagalhaes.com.br\/index.php\/wp-json\/wp\/v2\/posts"}],"about":[{"href":"https:\/\/blogdoedvaldomagalhaes.com.br\/index.php\/wp-json\/wp\/v2\/types\/post"}],"author":[{"embeddable":true,"href":"https:\/\/blogdoedvaldomagalhaes.com.br\/index.php\/wp-json\/wp\/v2\/users\/1"}],"replies":[{"embeddable":true,"href":"https:\/\/blogdoedvaldomagalhaes.com.br\/index.php\/wp-json\/wp\/v2\/comments?post=102691"}],"version-history":[{"count":1,"href":"https:\/\/blogdoedvaldomagalhaes.com.br\/index.php\/wp-json\/wp\/v2\/posts\/102691\/revisions"}],"predecessor-version":[{"id":102693,"href":"https:\/\/blogdoedvaldomagalhaes.com.br\/index.php\/wp-json\/wp\/v2\/posts\/102691\/revisions\/102693"}],"wp:featuredmedia":[{"embeddable":true,"href":"https:\/\/blogdoedvaldomagalhaes.com.br\/index.php\/wp-json\/wp\/v2\/media\/102692"}],"wp:attachment":[{"href":"https:\/\/blogdoedvaldomagalhaes.com.br\/index.php\/wp-json\/wp\/v2\/media?parent=102691"}],"wp:term":[{"taxonomy":"category","embeddable":true,"href":"https:\/\/blogdoedvaldomagalhaes.com.br\/index.php\/wp-json\/wp\/v2\/categories?post=102691"},{"taxonomy":"post_tag","embeddable":true,"href":"https:\/\/blogdoedvaldomagalhaes.com.br\/index.php\/wp-json\/wp\/v2\/tags?post=102691"}],"curies":[{"name":"wp","href":"https:\/\/api.w.org\/{rel}","templated":true}]}}